{"id":26525,"date":"2023-05-14T10:01:18","date_gmt":"2023-05-14T16:01:18","guid":{"rendered":"https:\/\/elconspirador.com.mx\/?p=26525"},"modified":"2023-05-14T10:01:18","modified_gmt":"2023-05-14T16:01:18","slug":"escasean-medicamentos-para-la-salud-mental-en-el-pais","status":"publish","type":"post","link":"https:\/\/elconspirador.com.mx\/?p=26525","title":{"rendered":"ESCASEAN MEDICAMENTOS PARA LA SALUD MENTAL EN EL PA\u00cdS"},"content":{"rendered":"<p data-reader-unique-id=\"8\">En M\u00e9xico, las enfermedades asociadas a falta de f\u00e1rmacos alcanzaron su punto m\u00e1s cr\u00edtico en 2021, a\u00f1o con 3 mil 706 reportes asociados al desabasto en patolog\u00edas como el c\u00e1ncer, diabetes, postrasplante e hipertensi\u00f3n. Pero a esa lista ahora se suman los <strong data-reader-unique-id=\"9\">medicamentos empleados para atender la salud mental<\/strong>, que ya encabezan la lista de f\u00e1rmacos a los que no tienen acceso los pacientes del pa\u00eds, seg\u00fan datos del colectivo Cero Desabasto.<\/p>\n<p data-reader-unique-id=\"27\"><span data-tbw-flag=\"true\" data-reader-unique-id=\"28\">En este contexto, en lo que va del a\u00f1o se cuentan con 721 reportes relacionados a est\u00e1 situaci\u00f3n. <\/span><\/p>\n<p data-reader-unique-id=\"27\"><span data-tbw-flag=\"true\" data-reader-unique-id=\"28\"><br \/>\n<\/span>\u201cPara 2022, (la salud mental)\u00a0 ocup\u00f3 el primer lugar en nuestra plataforma, cosa que no hab\u00eda pasado los a\u00f1os anteriores. Particularmente a principios de este a\u00f1o se agudiz\u00f3 m\u00e1s y esto debido a la suspensi\u00f3n de Cofepris a la empresa Psicofarma\u201d,comenta en entrevista<strong data-reader-unique-id=\"31\">Andr\u00e9s Casta\u00f1eda<\/strong>, coordinador del colectivo.<\/p>\n<p data-reader-unique-id=\"32\">Adicional a ello, la situaci\u00f3n se ha convertido en una constante al punto de no surtir (desde su a\u00f1o m\u00e1s \u00e1lgido hasta finales del a\u00f1o pasado) <strong data-reader-unique-id=\"33\">m\u00e1s de 34 millones de recetas<\/strong>, solo contemplando al Instituto Mexicano del Seguro Social (IMSS).<\/p>\n<p data-reader-unique-id=\"34\">Esta crisis sanitaria en materia psiqui\u00e1trica ha escalado a f\u00e1rmacos \u201cpilares\u201d como la<strong data-reader-unique-id=\"35\">clozapina y carbonato de litio<\/strong>, cuyo tratamiento se clasifica como \u201cesencial\u201d a quienes padecen de esquizofrenia y trastorno bipolar , que afecta a 4.9 millones de personas en M\u00e9xico, as\u00ed lo afirman miembros del Departamento de Psiquiatr\u00eda de la Universidad de Yale.<\/p>\n<p data-reader-unique-id=\"34\">Como antecedente, derivado de una visita de verificaci\u00f3n a cargo de la <strong data-reader-unique-id=\"59\">Comisi\u00f3n Federal de Protecci\u00f3n Sanitaria (Cofepris)<\/strong>, durante el mes de noviembre del a\u00f1o pasado, se suspendi\u00f3 la l\u00ednea de producci\u00f3n a causa del manejo irregular de sustancias, quien es la encargada de producir y distribuir la mayor\u00eda de medicamentos psiqui\u00e1tricos controlados en el pa\u00eds.<\/p>\n","protected":false},"excerpt":{"rendered":"<p>En M\u00e9xico, las enfermedades asociadas a falta de f\u00e1rmacos alcanzaron su punto m\u00e1s cr\u00edtico en 2021, a\u00f1o con 3 mil 706 reportes asociados al desabasto en patolog\u00edas como el c\u00e1ncer, diabetes, postrasplante e hipertensi\u00f3n. Pero a esa lista ahora se suman los medicamentos empleados para atender la salud mental, que ya encabezan la lista de f\u00e1rmacos a los que no<\/p>\n<div class=\"h10\"><\/div>\n<p><a class=\"more-link2 flat\" href=\"https:\/\/elconspirador.com.mx\/?p=26525\">Leer m\u00e1s<\/a><\/p>\n","protected":false},"author":1,"featured_media":26526,"comment_status":"open","ping_status":"open","sticky":false,"template":"","format":"standard","meta":{"om_disable_all_campaigns":false,"_uf_show_specific_survey":0,"_uf_disable_surveys":false},"categories":[68],"tags":[],"aioseo_notices":[],"_links":{"self":[{"href":"https:\/\/elconspirador.com.mx\/index.php?rest_route=\/wp\/v2\/posts\/26525"}],"collection":[{"href":"https:\/\/elconspirador.com.mx\/index.php?rest_route=\/wp\/v2\/posts"}],"about":[{"href":"https:\/\/elconspirador.com.mx\/index.php?rest_route=\/wp\/v2\/types\/post"}],"author":[{"embeddable":true,"href":"https:\/\/elconspirador.com.mx\/index.php?rest_route=\/wp\/v2\/users\/1"}],"replies":[{"embeddable":true,"href":"https:\/\/elconspirador.com.mx\/index.php?rest_route=%2Fwp%2Fv2%2Fcomments&post=26525"}],"version-history":[{"count":1,"href":"https:\/\/elconspirador.com.mx\/index.php?rest_route=\/wp\/v2\/posts\/26525\/revisions"}],"predecessor-version":[{"id":26527,"href":"https:\/\/elconspirador.com.mx\/index.php?rest_route=\/wp\/v2\/posts\/26525\/revisions\/26527"}],"wp:featuredmedia":[{"embeddable":true,"href":"https:\/\/elconspirador.com.mx\/index.php?rest_route=\/wp\/v2\/media\/26526"}],"wp:attachment":[{"href":"https:\/\/elconspirador.com.mx\/index.php?rest_route=%2Fwp%2Fv2%2Fmedia&parent=26525"}],"wp:term":[{"taxonomy":"category","embeddable":true,"href":"https:\/\/elconspirador.com.mx\/index.php?rest_route=%2Fwp%2Fv2%2Fcategories&post=26525"},{"taxonomy":"post_tag","embeddable":true,"href":"https:\/\/elconspirador.com.mx\/index.php?rest_route=%2Fwp%2Fv2%2Ftags&post=26525"}],"curies":[{"name":"wp","href":"https:\/\/api.w.org\/{rel}","templated":true}]}}