{"id":26529,"date":"2023-05-14T11:12:45","date_gmt":"2023-05-14T17:12:45","guid":{"rendered":"https:\/\/elconspirador.com.mx\/?p=26529"},"modified":"2023-05-14T13:15:53","modified_gmt":"2023-05-14T19:15:53","slug":"corregidora-realiza-limpieza-de-drenes-pluviales","status":"publish","type":"post","link":"https:\/\/elconspirador.com.mx\/?p=26529","title":{"rendered":"CORREGIDORA REALIZA LIMPIEZA DE DRENES PLUVIALES"},"content":{"rendered":"<p style=\"font-weight: 400;\">Con el objetivo de estar preparados ante la temporada de lluvias y evitar riesgos para la ciudadan\u00eda, la Secretar\u00eda de Servicios P\u00fablicos Municipales contin\u00faa con la limpieza del r\u00edo, drenes y acequias de la demarcaci\u00f3n, inform\u00f3 su titular, Omar Herrera Maya, quien dio a conocer que para este a\u00f1o las labores de limpieza se llevar\u00e1n a cabo a lo largo de 36 mil metros de cauces pluviales.<\/p>\n<p style=\"font-weight: 400;\">\n<p style=\"font-weight: 400;\">\u201cEste a\u00f1o vamos por la limpieza de 36 mil, el a\u00f1o pasado llegamos a los 24 mil metros, ah\u00ed con el apoyo de maquinaria, hombres y, afortunadamente, no tuvimos ning\u00fan problema. Esperamos tambi\u00e9n este a\u00f1o tener todo en buenas condiciones para que el agua fluya\u201d, subray\u00f3.<\/p>\n<p style=\"font-weight: 400;\">\n<p style=\"font-weight: 400;\">El funcionario precis\u00f3 que hasta el momento se lleva un avance del 25 por ciento y que estos trabajos de limpieza se hacen de forma previa y durante la temporada de lluvias, adem\u00e1s de que se mantienen posterior a \u00e9sta tanto en los cauces como en rejillas pluviales.<\/p>\n<p style=\"font-weight: 400;\">\n<p style=\"font-weight: 400;\">\u201cEsperamos tenerlo listo durante el periodo de lluvias. Ahorita estamos atacando las zonas m\u00e1s cr\u00edticas: el R\u00edo El Pueblito; los drenes que ya conocemos, Cimatario I, Cimatario II; y, sobre todo en las partes en donde hay zonas habitacionales, tanto en zona urbana como en zona rural. Esa es la prioridad, que no haya ning\u00fan tipo de riesgo vital para la poblaci\u00f3n\u201d, indic\u00f3.<\/p>\n<p style=\"font-weight: 400;\">\n<p style=\"font-weight: 400;\">Omar Herrera coment\u00f3 que principalmente es retirado lodo y maleza, pero lamentablemente tambi\u00e9n son encontrados muebles, llantas, ropa, trapeadores y otros objetos que la gente tira en dichas infraestructuras hidr\u00e1ulicas.<\/p>\n<p style=\"font-weight: 400;\">\n<p style=\"font-weight: 400;\">\u201cEl a\u00f1o pasado, no s\u00f3lo dentro de este tipo de objetos, sino entre lodos y maleza, retiramos aproximadamente 147 camiones durante toda la temporada de limpieza de drenes, del r\u00edo y de acequias\u201d, comparti\u00f3.<\/p>\n<p style=\"font-weight: 400;\">\n<p style=\"font-weight: 400;\">Al respecto, refiri\u00f3 que para evitar que objetos fueran depositados en los drenes, es permanente la campa\u00f1a de recolecci\u00f3n de tiliches, con la intenci\u00f3n prevenir complicaciones en el tiempo de precipitaciones.<\/p>\n<p style=\"font-weight: 400;\">\n<p style=\"font-weight: 400;\">De igual manera, se\u00f1al\u00f3 que estos trabajos son realizados en coordinaci\u00f3n con Seguridad P\u00fablica y Protecci\u00f3n Civil.<\/p>\n<p style=\"font-weight: 400;\">\n<p style=\"font-weight: 400;\">\u201cInvitar a la poblaci\u00f3n a que mantengamos limpios estos cuerpos de agua, libre de este tipo de objetos que no deben de ir ah\u00ed, que nos pueden generar problemas y que les pueden provocar problemas dentro de sus comunidades. Invitarlos tambi\u00e9n a que si ven que est\u00e1 lloviendo, no saquemos la basura, que la mantengamos por un momento, toda vez que el mismo servicio de recolecci\u00f3n se retrasa y que \u00e9stas, con los arrastres agua, pueden irse a coladeras o a la rejillas pluviales, y nos pueden generar problemas\u201d, concluy\u00f3.<\/p>\n","protected":false},"excerpt":{"rendered":"<p>Con el objetivo de estar preparados ante la temporada de lluvias y evitar riesgos para la ciudadan\u00eda, la Secretar\u00eda de Servicios P\u00fablicos Municipales contin\u00faa con la limpieza del r\u00edo, drenes y acequias de la demarcaci\u00f3n, inform\u00f3 su titular, Omar Herrera Maya, quien dio a conocer que para este a\u00f1o las labores de limpieza se llevar\u00e1n a cabo a lo largo<\/p>\n<div class=\"h10\"><\/div>\n<p><a class=\"more-link2 flat\" href=\"https:\/\/elconspirador.com.mx\/?p=26529\">Leer m\u00e1s<\/a><\/p>\n","protected":false},"author":1,"featured_media":26534,"comment_status":"open","ping_status":"open","sticky":false,"template":"","format":"standard","meta":{"om_disable_all_campaigns":false,"_uf_show_specific_survey":0,"_uf_disable_surveys":false},"categories":[1],"tags":[],"aioseo_notices":[],"_links":{"self":[{"href":"https:\/\/elconspirador.com.mx\/index.php?rest_route=\/wp\/v2\/posts\/26529"}],"collection":[{"href":"https:\/\/elconspirador.com.mx\/index.php?rest_route=\/wp\/v2\/posts"}],"about":[{"href":"https:\/\/elconspirador.com.mx\/index.php?rest_route=\/wp\/v2\/types\/post"}],"author":[{"embeddable":true,"href":"https:\/\/elconspirador.com.mx\/index.php?rest_route=\/wp\/v2\/users\/1"}],"replies":[{"embeddable":true,"href":"https:\/\/elconspirador.com.mx\/index.php?rest_route=%2Fwp%2Fv2%2Fcomments&post=26529"}],"version-history":[{"count":3,"href":"https:\/\/elconspirador.com.mx\/index.php?rest_route=\/wp\/v2\/posts\/26529\/revisions"}],"predecessor-version":[{"id":26535,"href":"https:\/\/elconspirador.com.mx\/index.php?rest_route=\/wp\/v2\/posts\/26529\/revisions\/26535"}],"wp:featuredmedia":[{"embeddable":true,"href":"https:\/\/elconspirador.com.mx\/index.php?rest_route=\/wp\/v2\/media\/26534"}],"wp:attachment":[{"href":"https:\/\/elconspirador.com.mx\/index.php?rest_route=%2Fwp%2Fv2%2Fmedia&parent=26529"}],"wp:term":[{"taxonomy":"category","embeddable":true,"href":"https:\/\/elconspirador.com.mx\/index.php?rest_route=%2Fwp%2Fv2%2Fcategories&post=26529"},{"taxonomy":"post_tag","embeddable":true,"href":"https:\/\/elconspirador.com.mx\/index.php?rest_route=%2Fwp%2Fv2%2Ftags&post=26529"}],"curies":[{"name":"wp","href":"https:\/\/api.w.org\/{rel}","templated":true}]}}