{"id":26536,"date":"2023-05-14T14:24:23","date_gmt":"2023-05-14T20:24:23","guid":{"rendered":"https:\/\/elconspirador.com.mx\/?p=26536"},"modified":"2023-05-14T14:24:23","modified_gmt":"2023-05-14T20:24:23","slug":"charlan-en-la-capital-sobre-la-brecha-salarial","status":"publish","type":"post","link":"https:\/\/elconspirador.com.mx\/?p=26536","title":{"rendered":"CHARLAN EN LA CAPITAL SOBRE LA BRECHA SALARIAL"},"content":{"rendered":"<p>&nbsp;<\/p>\n<p>El Municipio de Quer\u00e9taro, a trav\u00e9s de la Secretar\u00eda de Desarrollo Sostenible, realiz\u00f3 el encuentro \u201cSin L\u00edmites\u201d en el Teatro Experimental del Centro de Congresos, donde se reunieron voces locales, nacionales e internacionales de los sectores p\u00fablico, privado y social, para brindar perspectivas sobre la representaci\u00f3n de las mujeres en el \u00e1mbito profesional, las pol\u00edticas en materia de igualdad de g\u00e9nero, la brecha salarial y corresponsabilidad familiar.<\/p>\n<p>La Secretaria de Desarrollo Sostenible, Tania Palacios Kuri, se\u00f1al\u00f3 que el Municipio de Quer\u00e9taro ha hecho un esfuerzo muy grande para reforzar en forma transversal en cada secretar\u00eda la potencia, el talento y las ganas que tienen las mujeres queretanas: \u201dYo de verdad espero que llegue ese momento en Quer\u00e9taro, en M\u00e9xico, en el mundo donde ya no nos tengan que medir porque ya es irrelevante, porque la altura a la que llegamos sea la suficiente, la suficiente para que cada ni\u00f1a pueda tener la promesa de ascender a donde quiera ascender, que no exista brecha que nos lastime ni oportunidad que se nos cierre\u201d, coment\u00f3.<\/p>\n<p>Durante el evento se llev\u00f3 a cabo el panel \u201cPerspectivas de la Brecha Salarial en Quer\u00e9taro y M\u00e9xico\u201d, cuyo objetivo fue motivar el crecimiento sostenible y la generaci\u00f3n de espacios laborales orientados a la equidad de g\u00e9nero. En este panel se abord\u00f3 la brecha salarial y corresponsabilidad mediante temas espec\u00edficos como las pol\u00edticas en materia de igualdad de g\u00e9nero, brecha de ingresos, representaci\u00f3n de mujeres por puesto y protocolos contra la violencia de g\u00e9nero.<\/p>\n<p>Participaron la Excelent\u00edsima Se\u00f1ora Beatriz S\u00e1nchez Mu\u00f1oz, Embajadora de la Rep\u00fablica de Chile; Liliana Ruiz-Ortega, Co-fundadora y Directora Ejecutiva de Simetr\u00eda; Laura Tamayo Laris, Directora de Comunicaci\u00f3n, Asuntos P\u00fablicos y Sustentabilidad para Bayer en M\u00e9xico; Diana Rubio: Directora de Talento M\u00e9xico y Centroam\u00e9rica en Michelin; y Diana Gonz\u00e1lez Pozos: Directora de Noticias de Grupo ACIR Quer\u00e9taro.<\/p>\n<p>Adem\u00e1s se llev\u00f3 a cabo la conferencia \u201cMujer exponencial, Descubre tu potencial, impartida por la Socia y Directora Comercial de Victoria 147, \u00darsula Quijano, quien coment\u00f3 que alineadas a los objetivos y esfuerzos realizados por el Gobierno Municipal de Quer\u00e9taro, Victoria147 se une a la convocatoria de \u201cContigo un paso m\u00e1s\u201d, cuyo objetivo principal es impulsar y empoderar a las mujeres queretanas, a trav\u00e9s de una capacitaci\u00f3n transversal e inclusiva, otorg\u00e1ndoles herramientas para liderar sus negocios para promover un crecimiento sostenible.<\/p>\n<p>Victoria147 es la primera y m\u00e1s grande red de emprendimiento de alto impacto para mujeres en M\u00e9xico. Con 10 a\u00f1os de experiencia y m\u00e1s de 17 mil mujeres capacitadas a trav\u00e9s de una metodolog\u00eda propia, Victoria147 se encarga de brindar contenido de valor y herramientas que inspiran a miles de mujeres para hacerlas crecer en el mundo de los negocios, a nivel personal y profesional.<\/p>\n<p>Victoria147 busca crear mayor conciencia en la sociedad mexicana sobre las barreras estructurales que limitan el desarrollo profesional de las mujeres y del empoderamiento como un camino para impulsar la igualdad de g\u00e9nero y alcanzar el desarrollo sostenible.<\/p>\n","protected":false},"excerpt":{"rendered":"<p>&nbsp; El Municipio de Quer\u00e9taro, a trav\u00e9s de la Secretar\u00eda de Desarrollo Sostenible, realiz\u00f3 el encuentro \u201cSin L\u00edmites\u201d en el Teatro Experimental del Centro de Congresos, donde se reunieron voces locales, nacionales e internacionales de los sectores p\u00fablico, privado y social, para brindar perspectivas sobre la representaci\u00f3n de las mujeres en el \u00e1mbito profesional, las pol\u00edticas en materia de igualdad<\/p>\n<div class=\"h10\"><\/div>\n<p><a class=\"more-link2 flat\" href=\"https:\/\/elconspirador.com.mx\/?p=26536\">Leer m\u00e1s<\/a><\/p>\n","protected":false},"author":1,"featured_media":26537,"comment_status":"open","ping_status":"open","sticky":false,"template":"","format":"standard","meta":{"om_disable_all_campaigns":false,"_uf_show_specific_survey":0,"_uf_disable_surveys":false},"categories":[1],"tags":[],"aioseo_notices":[],"_links":{"self":[{"href":"https:\/\/elconspirador.com.mx\/index.php?rest_route=\/wp\/v2\/posts\/26536"}],"collection":[{"href":"https:\/\/elconspirador.com.mx\/index.php?rest_route=\/wp\/v2\/posts"}],"about":[{"href":"https:\/\/elconspirador.com.mx\/index.php?rest_route=\/wp\/v2\/types\/post"}],"author":[{"embeddable":true,"href":"https:\/\/elconspirador.com.mx\/index.php?rest_route=\/wp\/v2\/users\/1"}],"replies":[{"embeddable":true,"href":"https:\/\/elconspirador.com.mx\/index.php?rest_route=%2Fwp%2Fv2%2Fcomments&post=26536"}],"version-history":[{"count":1,"href":"https:\/\/elconspirador.com.mx\/index.php?rest_route=\/wp\/v2\/posts\/26536\/revisions"}],"predecessor-version":[{"id":26538,"href":"https:\/\/elconspirador.com.mx\/index.php?rest_route=\/wp\/v2\/posts\/26536\/revisions\/26538"}],"wp:featuredmedia":[{"embeddable":true,"href":"https:\/\/elconspirador.com.mx\/index.php?rest_route=\/wp\/v2\/media\/26537"}],"wp:attachment":[{"href":"https:\/\/elconspirador.com.mx\/index.php?rest_route=%2Fwp%2Fv2%2Fmedia&parent=26536"}],"wp:term":[{"taxonomy":"category","embeddable":true,"href":"https:\/\/elconspirador.com.mx\/index.php?rest_route=%2Fwp%2Fv2%2Fcategories&post=26536"},{"taxonomy":"post_tag","embeddable":true,"href":"https:\/\/elconspirador.com.mx\/index.php?rest_route=%2Fwp%2Fv2%2Ftags&post=26536"}],"curies":[{"name":"wp","href":"https:\/\/api.w.org\/{rel}","templated":true}]}}