{"id":26548,"date":"2023-05-14T17:09:11","date_gmt":"2023-05-14T23:09:11","guid":{"rendered":"https:\/\/elconspirador.com.mx\/?p=26548"},"modified":"2023-05-14T17:09:11","modified_gmt":"2023-05-14T23:09:11","slug":"ameq-pide-a-estudiantes-refrendar-su-tarifa-especial-de-transporte","status":"publish","type":"post","link":"https:\/\/elconspirador.com.mx\/?p=26548","title":{"rendered":"AMEQ PIDE A ESTUDIANTES REFRENDAR SU TARIFA ESPECIAL DE TRANSPORTE"},"content":{"rendered":"<p class=\"s6\"><span class=\"s7\"><span class=\"bumpedFont15\">L<\/span><\/span><span class=\"s7\"><span class=\"bumpedFont15\">a<\/span><\/span> <span class=\"s7\"><span class=\"bumpedFont15\">Agencia de Movilidad del Estado de Quer\u00e9taro (AMEQ)<\/span><\/span> <span class=\"s7\"><span class=\"bumpedFont15\">reitera el llamado a las y los estudiantes de escuelas p\u00fablicas y privadas de la Zona Metropolitana a cumplir con el proceso de refrendo de datos y mantener su Tarifa Unidos, de lo contrario perder\u00e1n dicho beneficio y ser\u00e1 desactivada su tarjeta preferente.<\/span><\/span><\/p>\n<p class=\"s6\">\n<p class=\"s6\"><span class=\"s7\"><span class=\"bumpedFont15\">&#8220;Estamos a semana y media de concluir esta convocatoria de Tarifa Unidos. Invitamos a todos los estudiantes a que realicen su proceso de refrendo antes del 24 de mayo. Gracias a la tecnolog\u00eda pueden hacer su tr\u00e1mite sin salir de casa, desde la aplicaci\u00f3n Qrob\u00fas o a trav\u00e9s del sitio web que tenemos habilitado. Reiteramos la invitaci\u00f3n para que contin\u00faen disfrutando de la tarifa preferente m\u00e1s baja del pa\u00eds y no pierdan este beneficio&#8221;, destac\u00f3 el director de la Agencia de Movilidad, Gerardo Cuanalo Santos.<\/span><\/span><\/p>\n<p class=\"s6\">\n<p class=\"s6\"><span class=\"s7\"><span class=\"bumpedFont15\">Entre<\/span><\/span> <span class=\"s7\"><span class=\"bumpedFont15\">el <\/span><\/span><span class=\"s7\"><span class=\"bumpedFont15\">24 de abril<\/span><\/span><span class=\"s7\"><span class=\"bumpedFont15\"> y<\/span><\/span><span class=\"s7\"><span class=\"bumpedFont15\"> el 11 de mayo, la AMEQ ha formalizado el refrendo de informaci\u00f3n de 12 mil 529 estudiantes para <\/span><\/span><span class=\"s7\"><span class=\"bumpedFont15\">continuar con <\/span><\/span><span class=\"s7\"><span class=\"bumpedFont15\">su Tarifa Unidos, esto a un par de semanas de que concluya la convocatoria en curso.<\/span><\/span><span class=\"s7\"><span class=\"bumpedFont15\"> Adem\u00e1s, en este periodo <\/span><\/span><span class=\"s7\"><span class=\"bumpedFont15\">han sido aprobados nueve mil 70 nuevos registros, de los cu\u00e1les seis mil 663 corresponden a estudiantes, 134 son adultos mayores y 38 m\u00e1s de personas con discapacidad acreditada. <\/span><\/span><\/p>\n<p class=\"s6\">\n<p class=\"s6\"><span class=\"s7\"><span class=\"bumpedFont15\">Para realizar el refrendo y tramitar por primera vez la Tarifa Unidos desde sus dispositivos m\u00f3viles los usuarios deben abrir la aplicaci\u00f3n Qrob\u00fas para crear y validar su cuenta, dar click en la opci\u00f3n &#8220;Cartera&#8221; y despu\u00e9s &#8220;Agregar Tarjeta&#8221;, ah\u00ed seleccionar\u00e1n el tipo de tarjeta preferente que tengan y presionar &#8220;Aplicar a la Tarifa Unidos&#8221;, posteriormente cargar\u00e1n la documentaci\u00f3n necesaria y tras dar click en &#8220;Enviar&#8221; podr\u00e1n dar seguimiento a su tr\u00e1mite desde el apartado de &#8220;Tr\u00e1mites&#8221;.<\/span><\/span><\/p>\n<p class=\"s6\">\n<p class=\"s6\"><span class=\"s7\"><span class=\"bumpedFont15\">Tambi\u00e9n p<\/span><\/span><span class=\"s7\"><span class=\"bumpedFont15\">ueden<\/span><\/span><span class=\"s7\"><span class=\"bumpedFont15\"> hacer <\/span><\/span><span class=\"s7\"><span class=\"bumpedFont15\">uso de la p\u00e1gina <\/span><\/span><a href=\"https:\/\/sit.ameq.gob.mx\/\"><span class=\"s14\"><span class=\"bumpedFont15\">https:\/\/sit.ameq.gob.mx\/<\/span><\/span><\/a><span class=\"s7\"><span class=\"bumpedFont15\"> como una alternativa m\u00e1s para <\/span><\/span><span class=\"s7\"><span class=\"bumpedFont15\">el refrendo de sus datos. <\/span><\/span><\/p>\n<p class=\"s6\">\n<p class=\"s6\"><span class=\"s7\"><span class=\"bumpedFont15\">En un periodo m\u00e1ximo <\/span><\/span><span class=\"s7\"><span class=\"bumpedFont15\">de <\/span><\/span><span class=\"s7\"><span class=\"bumpedFont15\">cinco d\u00edas h\u00e1biles recibir\u00e1n un mensaje que les confirmar\u00e1 la validaci\u00f3n de su refrendo, con lo que podr\u00e1n <\/span><\/span><span class=\"s7\"><span class=\"bumpedFont15\">conservar <\/span><\/span><span class=\"s7\"><span class=\"bumpedFont15\">el beneficio de su Tarifa Unidos. <\/span><\/span><\/p>\n<p class=\"s6\"><a name=\"_GoBack\"><\/a><\/p>\n<p class=\"s6\"><span class=\"s7\"><span class=\"bumpedFont15\">Con la Tarifa Unidos, estudiantes, adultos mayores y personas con discapacidad que ya cuentan con su tarjeta preferente \u00fanicamente pagan dos pesos en su primer viaje y cero pesos el transbordo.<\/span><\/span><\/p>\n<p class=\"s6\">\n<p class=\"s6\"><span class=\"s7\"><span class=\"bumpedFont15\">La AMEQ recuerda a usuarios preferentes que no es necesario cambiar el pl\u00e1stico de su tarjeta preferente, todas las tarjetas anteriores contin\u00faan vigentes y a trav\u00e9s de ellas podr\u00e1n seguir obteniendo el beneficio de la Tarifa Unidos.<\/span><\/span><\/p>\n","protected":false},"excerpt":{"rendered":"<p>La Agencia de Movilidad del Estado de Quer\u00e9taro (AMEQ) reitera el llamado a las y los estudiantes de escuelas p\u00fablicas y privadas de la Zona Metropolitana a cumplir con el proceso de refrendo de datos y mantener su Tarifa Unidos, de lo contrario perder\u00e1n dicho beneficio y ser\u00e1 desactivada su tarjeta preferente. &#8220;Estamos a semana y media de concluir esta<\/p>\n<div class=\"h10\"><\/div>\n<p><a class=\"more-link2 flat\" href=\"https:\/\/elconspirador.com.mx\/?p=26548\">Leer m\u00e1s<\/a><\/p>\n","protected":false},"author":1,"featured_media":26549,"comment_status":"open","ping_status":"open","sticky":false,"template":"","format":"standard","meta":{"om_disable_all_campaigns":false,"_uf_show_specific_survey":0,"_uf_disable_surveys":false},"categories":[1],"tags":[],"aioseo_notices":[],"_links":{"self":[{"href":"https:\/\/elconspirador.com.mx\/index.php?rest_route=\/wp\/v2\/posts\/26548"}],"collection":[{"href":"https:\/\/elconspirador.com.mx\/index.php?rest_route=\/wp\/v2\/posts"}],"about":[{"href":"https:\/\/elconspirador.com.mx\/index.php?rest_route=\/wp\/v2\/types\/post"}],"author":[{"embeddable":true,"href":"https:\/\/elconspirador.com.mx\/index.php?rest_route=\/wp\/v2\/users\/1"}],"replies":[{"embeddable":true,"href":"https:\/\/elconspirador.com.mx\/index.php?rest_route=%2Fwp%2Fv2%2Fcomments&post=26548"}],"version-history":[{"count":1,"href":"https:\/\/elconspirador.com.mx\/index.php?rest_route=\/wp\/v2\/posts\/26548\/revisions"}],"predecessor-version":[{"id":26550,"href":"https:\/\/elconspirador.com.mx\/index.php?rest_route=\/wp\/v2\/posts\/26548\/revisions\/26550"}],"wp:featuredmedia":[{"embeddable":true,"href":"https:\/\/elconspirador.com.mx\/index.php?rest_route=\/wp\/v2\/media\/26549"}],"wp:attachment":[{"href":"https:\/\/elconspirador.com.mx\/index.php?rest_route=%2Fwp%2Fv2%2Fmedia&parent=26548"}],"wp:term":[{"taxonomy":"category","embeddable":true,"href":"https:\/\/elconspirador.com.mx\/index.php?rest_route=%2Fwp%2Fv2%2Fcategories&post=26548"},{"taxonomy":"post_tag","embeddable":true,"href":"https:\/\/elconspirador.com.mx\/index.php?rest_route=%2Fwp%2Fv2%2Ftags&post=26548"}],"curies":[{"name":"wp","href":"https:\/\/api.w.org\/{rel}","templated":true}]}}