{"id":26571,"date":"2023-05-15T09:42:55","date_gmt":"2023-05-15T15:42:55","guid":{"rendered":"https:\/\/elconspirador.com.mx\/?p=26571"},"modified":"2023-05-15T09:42:55","modified_gmt":"2023-05-15T15:42:55","slug":"queretanas-emprendedoras-presentan-desfile-de-modas","status":"publish","type":"post","link":"https:\/\/elconspirador.com.mx\/?p=26571","title":{"rendered":"QUERETANAS EMPRENDEDORAS PRESENTAN DESFILE DE MODAS"},"content":{"rendered":"<p>En el marco del D\u00eda de las Madres y en el patio de la Delegaci\u00f3n Centro Hist\u00f3rico, 60 mujeres emprendedoras participaron en el evento &#8220;Creadoras&#8221;, en el que adem\u00e1s cinco dise\u00f1adoras de moda presentaron su colecci\u00f3n de ropa en una pasarela realizada en la explanada del Jard\u00edn Guerrero.<\/p>\n<p>El evento, impulsado por la Secretar\u00eda de la Mujer y organizado por el Instituto Municipal de las Mujeres, promueve la realizaci\u00f3n econ\u00f3mica y empoderamiento de las mujeres que son madres y que enfrentan alg\u00fan tipo de desventaja social.<\/p>\n<p>&#8220;Es un evento que realizamos en el marco del 10 de mayo, que es el mes en el que celebramos a aquellas mujeres que son creadoras de vida y adem\u00e1s, Creadoras de espacios, de proyectos, de belleza, de gastronom\u00eda. Estamos aqu\u00ed para celebrar a todas las mujeres creadoras en todos los sentidos&#8221;, se\u00f1al\u00f3 la Directora del Instituto Municipal de las Mujeres, Jeanett Aguilar.<\/p>\n<p>Desde las 10:30 de la ma\u00f1ana y hasta las 7:00 de la tarde, el evento &#8220;Creadoras&#8221; brind\u00f3 un punto de venta para 60 emprendedoras -de las cuales, alrededor del 50 por ciento son egresadas del programa Con Ellas- al que acudieron cientos de visitantes que acudieron al Centro Hist\u00f3rico.<\/p>\n<p>Fue a partir de las 5 de la tarde que la pasarela reuni\u00f3 cinco proyectos textiles de las dise\u00f1adoras: Gloria L\u00f3pez Gallegos, Luz del Carmen V\u00e1zquez Olalde, Araceli Pe\u00f1a Ortega, Susana Sandoval y Milagros V\u00e1zquez.<\/p>\n<p>Este evento forma parte de los programas y acciones impulsados por la Secretar\u00eda de la Mujer a trav\u00e9s del Instituto Municipal de las Mujeres de Quer\u00e9taro para brindar acompa\u00f1amiento y orientaci\u00f3n a las queretanas que buscan salir adelante por un mejor futuro para ellas y sus familias.<\/p>\n<p>En este evento tambi\u00e9n se dio cita la diputada local por el IV distrito, Ana Paola L\u00f3pez Birlain.<\/p>\n","protected":false},"excerpt":{"rendered":"<p>En el marco del D\u00eda de las Madres y en el patio de la Delegaci\u00f3n Centro Hist\u00f3rico, 60 mujeres emprendedoras participaron en el evento &#8220;Creadoras&#8221;, en el que adem\u00e1s cinco dise\u00f1adoras de moda presentaron su colecci\u00f3n de ropa en una pasarela realizada en la explanada del Jard\u00edn Guerrero. El evento, impulsado por la Secretar\u00eda de la Mujer y organizado por<\/p>\n<div class=\"h10\"><\/div>\n<p><a class=\"more-link2 flat\" href=\"https:\/\/elconspirador.com.mx\/?p=26571\">Leer m\u00e1s<\/a><\/p>\n","protected":false},"author":1,"featured_media":26572,"comment_status":"open","ping_status":"open","sticky":false,"template":"","format":"standard","meta":{"om_disable_all_campaigns":false,"_uf_show_specific_survey":0,"_uf_disable_surveys":false},"categories":[1],"tags":[],"aioseo_notices":[],"_links":{"self":[{"href":"https:\/\/elconspirador.com.mx\/index.php?rest_route=\/wp\/v2\/posts\/26571"}],"collection":[{"href":"https:\/\/elconspirador.com.mx\/index.php?rest_route=\/wp\/v2\/posts"}],"about":[{"href":"https:\/\/elconspirador.com.mx\/index.php?rest_route=\/wp\/v2\/types\/post"}],"author":[{"embeddable":true,"href":"https:\/\/elconspirador.com.mx\/index.php?rest_route=\/wp\/v2\/users\/1"}],"replies":[{"embeddable":true,"href":"https:\/\/elconspirador.com.mx\/index.php?rest_route=%2Fwp%2Fv2%2Fcomments&post=26571"}],"version-history":[{"count":1,"href":"https:\/\/elconspirador.com.mx\/index.php?rest_route=\/wp\/v2\/posts\/26571\/revisions"}],"predecessor-version":[{"id":26574,"href":"https:\/\/elconspirador.com.mx\/index.php?rest_route=\/wp\/v2\/posts\/26571\/revisions\/26574"}],"wp:featuredmedia":[{"embeddable":true,"href":"https:\/\/elconspirador.com.mx\/index.php?rest_route=\/wp\/v2\/media\/26572"}],"wp:attachment":[{"href":"https:\/\/elconspirador.com.mx\/index.php?rest_route=%2Fwp%2Fv2%2Fmedia&parent=26571"}],"wp:term":[{"taxonomy":"category","embeddable":true,"href":"https:\/\/elconspirador.com.mx\/index.php?rest_route=%2Fwp%2Fv2%2Fcategories&post=26571"},{"taxonomy":"post_tag","embeddable":true,"href":"https:\/\/elconspirador.com.mx\/index.php?rest_route=%2Fwp%2Fv2%2Ftags&post=26571"}],"curies":[{"name":"wp","href":"https:\/\/api.w.org\/{rel}","templated":true}]}}