{"id":26575,"date":"2023-05-15T10:31:28","date_gmt":"2023-05-15T16:31:28","guid":{"rendered":"https:\/\/elconspirador.com.mx\/?p=26575"},"modified":"2023-05-15T10:31:28","modified_gmt":"2023-05-15T16:31:28","slug":"uaq-interpondra-amparo-vs-ley-de-ciencias","status":"publish","type":"post","link":"https:\/\/elconspirador.com.mx\/?p=26575","title":{"rendered":"UAQ INTERPONDR\u00c1 AMPARO VS LEY DE CIENCIAS"},"content":{"rendered":"<p>La Universidad Aut\u00f3noma de Quer\u00e9taro (UAQ) est\u00e1 valorando interponer un amparo contra la Ley general de Humanidades, Ciencias, Tecnolog\u00edas e Innovaci\u00f3n del pa\u00eds, adelant\u00f3 Teresa Garc\u00eda Gasca, rectora de la universidad.<\/p>\n<p>Garc\u00eda Gasca mencion\u00f3 que tienen hasta el 20 de junio para presentar el amparo correspondiente, por lo que se someter\u00e1 a consideraci\u00f3n del colegio de directores y del consejo universitario.<\/p>\n<p>\u201cNosotros estamos valorando la interposici\u00f3n de un amparo institucional que ser\u00e1 desde luego puesto a consideraci\u00f3n a colegio de directores y en su caso a consejo universitario este mismo mes, porque tiene que resolverse en los pr\u00f3ximos d\u00edas\u201d, dijo.<\/p>\n<p>Record\u00f3 que dicha reforma de ley se est\u00e1 discutiendo desde 2019, fecha desde la que se han presentado cinco propuestas, la \u00faltima de ellas el pasado 13 de diciembre de 2022; apunt\u00f3 que dicha propuesta se aprob\u00f3 el pasado 26 de abril en la C\u00e1mara de diputados y el 29 de abril en el Senado de la Rep\u00fablica, de forma expedita, mientras que el 8 de mayo fue publicada en el Diario Oficial de la Federaci\u00f3n (DOF).<\/p>\n<p>La rectora reiter\u00f3 que el Congreso de la Uni\u00f3n incumpli\u00f3 con la organizaci\u00f3n de los siete parlamentos sobre la ley y destac\u00f3 que la universidad organiz\u00f3 y particip\u00f3 en varios foros sobre el an\u00e1lisis de esta ley, en la que se expusieron los desacuerdos con esta propuesta del gobierno federal.<\/p>\n","protected":false},"excerpt":{"rendered":"<p>La Universidad Aut\u00f3noma de Quer\u00e9taro (UAQ) est\u00e1 valorando interponer un amparo contra la Ley general de Humanidades, Ciencias, Tecnolog\u00edas e Innovaci\u00f3n del pa\u00eds, adelant\u00f3 Teresa Garc\u00eda Gasca, rectora de la universidad. Garc\u00eda Gasca mencion\u00f3 que tienen hasta el 20 de junio para presentar el amparo correspondiente, por lo que se someter\u00e1 a consideraci\u00f3n del colegio de directores y del consejo<\/p>\n<div class=\"h10\"><\/div>\n<p><a class=\"more-link2 flat\" href=\"https:\/\/elconspirador.com.mx\/?p=26575\">Leer m\u00e1s<\/a><\/p>\n","protected":false},"author":1,"featured_media":26576,"comment_status":"open","ping_status":"open","sticky":false,"template":"","format":"standard","meta":{"om_disable_all_campaigns":false,"_uf_show_specific_survey":0,"_uf_disable_surveys":false},"categories":[1],"tags":[],"aioseo_notices":[],"_links":{"self":[{"href":"https:\/\/elconspirador.com.mx\/index.php?rest_route=\/wp\/v2\/posts\/26575"}],"collection":[{"href":"https:\/\/elconspirador.com.mx\/index.php?rest_route=\/wp\/v2\/posts"}],"about":[{"href":"https:\/\/elconspirador.com.mx\/index.php?rest_route=\/wp\/v2\/types\/post"}],"author":[{"embeddable":true,"href":"https:\/\/elconspirador.com.mx\/index.php?rest_route=\/wp\/v2\/users\/1"}],"replies":[{"embeddable":true,"href":"https:\/\/elconspirador.com.mx\/index.php?rest_route=%2Fwp%2Fv2%2Fcomments&post=26575"}],"version-history":[{"count":1,"href":"https:\/\/elconspirador.com.mx\/index.php?rest_route=\/wp\/v2\/posts\/26575\/revisions"}],"predecessor-version":[{"id":26577,"href":"https:\/\/elconspirador.com.mx\/index.php?rest_route=\/wp\/v2\/posts\/26575\/revisions\/26577"}],"wp:featuredmedia":[{"embeddable":true,"href":"https:\/\/elconspirador.com.mx\/index.php?rest_route=\/wp\/v2\/media\/26576"}],"wp:attachment":[{"href":"https:\/\/elconspirador.com.mx\/index.php?rest_route=%2Fwp%2Fv2%2Fmedia&parent=26575"}],"wp:term":[{"taxonomy":"category","embeddable":true,"href":"https:\/\/elconspirador.com.mx\/index.php?rest_route=%2Fwp%2Fv2%2Fcategories&post=26575"},{"taxonomy":"post_tag","embeddable":true,"href":"https:\/\/elconspirador.com.mx\/index.php?rest_route=%2Fwp%2Fv2%2Ftags&post=26575"}],"curies":[{"name":"wp","href":"https:\/\/api.w.org\/{rel}","templated":true}]}}