{"id":26581,"date":"2023-05-15T12:34:27","date_gmt":"2023-05-15T18:34:27","guid":{"rendered":"https:\/\/elconspirador.com.mx\/?p=26581"},"modified":"2023-05-15T12:34:27","modified_gmt":"2023-05-15T18:34:27","slug":"nava-pide-no-bajar-la-guardia-pese-a-fin-de-pandemia","status":"publish","type":"post","link":"https:\/\/elconspirador.com.mx\/?p=26581","title":{"rendered":"NAVA PIDE NO BAJAR LA GUARDIA PESE A FIN DE PANDEMIA"},"content":{"rendered":"<p>Luis Bernardo Nava Guerrero, presidente municipal de Quer\u00e9taro, llam\u00f3 a la sociedad a continuar con las medidas de prevenci\u00f3n necesarias, pese a que la OMS decretara el fin de la emergencia sanitaria por COVID-19.<\/p>\n<p>\u201cSin duda, la conclusi\u00f3n de la pandemia por parte de la Organizaci\u00f3n Mundial de la Salud es un mensaje muy positivo; sin embargo, hay que seguirnos cuidando, quiere decir que la pandemia ahora se tendr\u00e1 que atender de manera end\u00e9mica\u201d, dijo.<\/p>\n<p>Refiri\u00f3 que la declaratoria de la autoridad internacional refiere que la enfermedad deber\u00e1 atenderse como cualquier otra de manera local. Adem\u00e1s, agreg\u00f3 que no significa que la COVID-19 ya no existir\u00e1.<\/p>\n<p>\u201cUna enfermedad que ya se tendr\u00e1 que atender localmente y que todos tenemos que cuidarnos y tomar las medidas necesarias para que se puedan mantener los esquemas de vacunaci\u00f3n y mantener informadas a las personas acerca de los riesgos de esta enfermedad. La enfermedad va a seguir y todos tenemos que seguir manteniendo las medidas\u201d, a\u00f1adi\u00f3.<\/p>\n<p>Nava Guerrero se\u00f1al\u00f3 que la recuperaci\u00f3n econ\u00f3mica del municipio, en materia de empleo, por simple, fue satisfactoria al t\u00e9rmino de la emergencia.<\/p>\n","protected":false},"excerpt":{"rendered":"<p>Luis Bernardo Nava Guerrero, presidente municipal de Quer\u00e9taro, llam\u00f3 a la sociedad a continuar con las medidas de prevenci\u00f3n necesarias, pese a que la OMS decretara el fin de la emergencia sanitaria por COVID-19. \u201cSin duda, la conclusi\u00f3n de la pandemia por parte de la Organizaci\u00f3n Mundial de la Salud es un mensaje muy positivo; sin embargo, hay que seguirnos<\/p>\n<div class=\"h10\"><\/div>\n<p><a class=\"more-link2 flat\" href=\"https:\/\/elconspirador.com.mx\/?p=26581\">Leer m\u00e1s<\/a><\/p>\n","protected":false},"author":1,"featured_media":26582,"comment_status":"open","ping_status":"open","sticky":false,"template":"","format":"standard","meta":{"om_disable_all_campaigns":false,"_uf_show_specific_survey":0,"_uf_disable_surveys":false},"categories":[1],"tags":[],"aioseo_notices":[],"_links":{"self":[{"href":"https:\/\/elconspirador.com.mx\/index.php?rest_route=\/wp\/v2\/posts\/26581"}],"collection":[{"href":"https:\/\/elconspirador.com.mx\/index.php?rest_route=\/wp\/v2\/posts"}],"about":[{"href":"https:\/\/elconspirador.com.mx\/index.php?rest_route=\/wp\/v2\/types\/post"}],"author":[{"embeddable":true,"href":"https:\/\/elconspirador.com.mx\/index.php?rest_route=\/wp\/v2\/users\/1"}],"replies":[{"embeddable":true,"href":"https:\/\/elconspirador.com.mx\/index.php?rest_route=%2Fwp%2Fv2%2Fcomments&post=26581"}],"version-history":[{"count":1,"href":"https:\/\/elconspirador.com.mx\/index.php?rest_route=\/wp\/v2\/posts\/26581\/revisions"}],"predecessor-version":[{"id":26583,"href":"https:\/\/elconspirador.com.mx\/index.php?rest_route=\/wp\/v2\/posts\/26581\/revisions\/26583"}],"wp:featuredmedia":[{"embeddable":true,"href":"https:\/\/elconspirador.com.mx\/index.php?rest_route=\/wp\/v2\/media\/26582"}],"wp:attachment":[{"href":"https:\/\/elconspirador.com.mx\/index.php?rest_route=%2Fwp%2Fv2%2Fmedia&parent=26581"}],"wp:term":[{"taxonomy":"category","embeddable":true,"href":"https:\/\/elconspirador.com.mx\/index.php?rest_route=%2Fwp%2Fv2%2Fcategories&post=26581"},{"taxonomy":"post_tag","embeddable":true,"href":"https:\/\/elconspirador.com.mx\/index.php?rest_route=%2Fwp%2Fv2%2Ftags&post=26581"}],"curies":[{"name":"wp","href":"https:\/\/api.w.org\/{rel}","templated":true}]}}