{"id":26615,"date":"2023-05-15T21:36:39","date_gmt":"2023-05-16T03:36:39","guid":{"rendered":"https:\/\/elconspirador.com.mx\/?p=26615"},"modified":"2023-05-15T21:36:39","modified_gmt":"2023-05-16T03:36:39","slug":"kuri-se-reune-con-delegados-federales","status":"publish","type":"post","link":"https:\/\/elconspirador.com.mx\/?p=26615","title":{"rendered":"KURI SE RE\u00daNE CON DELEGADOS FEDERALES"},"content":{"rendered":"<p class=\"s6\"><span class=\"s7\"><span class=\"bumpedFont15\">E<\/span><\/span><span class=\"s7\"><span class=\"bumpedFont15\">l <\/span><\/span><span class=\"s7\"><span class=\"bumpedFont15\">gobernador, Mauricio Kuri Gonz\u00e1lez,<\/span><\/span><span class=\"s7\"><span class=\"bumpedFont15\"> acompa\u00f1ado de integrantes de su gabinete, <\/span><\/span><span class=\"s11\"><span class=\"bumpedFont15\">sostuvo una reuni\u00f3n con <\/span><\/span><span class=\"s7\"><span class=\"bumpedFont15\">el representante de la Secret<\/span><\/span><span class=\"s7\"><span class=\"bumpedFont15\">ar\u00eda de Gobernaci\u00f3n en Quer\u00e9taro<\/span><\/span><span class=\"s7\"><span class=\"bumpedFont15\">, <\/span><\/span><span class=\"s7\"><span class=\"bumpedFont15\">Samuel Mena <\/span><\/span><span class=\"s7\"><span class=\"bumpedFont15\">Stadelmann<\/span><\/span><span class=\"s7\"><span class=\"bumpedFont15\">; <\/span><\/span><span class=\"s11\"><span class=\"bumpedFont15\">as\u00ed como con <\/span><\/span><span class=\"s11\"><span class=\"bumpedFont15\">delegados y titulares de las dependencias del Gobierno Federal<\/span><\/span><span class=\"s11\"><span class=\"bumpedFont15\"> en el estado, con quienes abor<\/span><\/span><span class=\"s11\"><span class=\"bumpedFont15\">d\u00f3 la coordinaci\u00f3n de esfuerzos y trabajo conjunto, a fin de mejorar la calidad de vida de las y los queretanos. <\/span><\/span><span class=\"s7\"><span class=\"bumpedFont15\">En el encuentro <\/span><\/span><span class=\"s7\"><span class=\"bumpedFont15\">estuvieron titulares<\/span><\/span><span class=\"s7\"><span class=\"bumpedFont15\"> de la Procuradur\u00eda Federal de la Defensa del Trabajo (PR<\/span><\/span><span class=\"s7\"><span class=\"bumpedFont15\">OFEDET), <\/span><\/span><span class=\"s7\"><span class=\"bumpedFont15\">de la Secretar\u00eda de Trabajo y Previsi\u00f3n Social (STPS),<\/span><\/span> <span class=\"s7\"><span class=\"bumpedFont15\">de la Oficina Estatal del Centro de C<\/span><\/span><span class=\"s7\"><span class=\"bumpedFont15\">onciliaci\u00f3n y Registro Laboral, y<\/span><\/span><span class=\"s7\"><span class=\"bumpedFont15\"> del \u00d3rgano de Operaci\u00f3n Administrativa Desconcentrada del Instituto Mexicano del Seguro <\/span><\/span><span class=\"s7\"><span class=\"bumpedFont15\">Social (IMSS). <\/span><\/span><\/p>\n<p class=\"s6\"><a name=\"_GoBack\"><\/a><\/p>\n<p class=\"s6\"><span class=\"s7\"><span class=\"bumpedFont15\">Tambi\u00e9n <\/span><\/span><span class=\"s7\"><span class=\"bumpedFont15\">del Instituto de Seguridad y Servicios Sociales de los Trabajadores del Es<\/span><\/span><span class=\"s7\"><span class=\"bumpedFont15\">tado (ISSSTE), <\/span><\/span><span class=\"s7\"><span class=\"bumpedFont15\">del Fondo de la Vivienda del Instituto de Seguridad y Servicios Sociales para los Trabajadores al Servicio del Estado (FO<\/span><\/span><span class=\"s7\"><span class=\"bumpedFont15\">VISSSTE); <\/span><\/span><span class=\"s7\"><span class=\"bumpedFont15\">del Instituto del Fondo Nacional para el Consumo de los Trabajadores (INFONACO<\/span><\/span><span class=\"s7\"><span class=\"bumpedFont15\">T) y <\/span><\/span><span class=\"s7\"><span class=\"bumpedFont15\">del Fondo Nacional de la Vivienda para<\/span><\/span><span class=\"s7\"><span class=\"bumpedFont15\"> los Trabajadores (INFONAVIT).<\/span><\/span><\/p>\n","protected":false},"excerpt":{"rendered":"<p>El gobernador, Mauricio Kuri Gonz\u00e1lez, acompa\u00f1ado de integrantes de su gabinete, sostuvo una reuni\u00f3n con el representante de la Secretar\u00eda de Gobernaci\u00f3n en Quer\u00e9taro, Samuel Mena Stadelmann; as\u00ed como con delegados y titulares de las dependencias del Gobierno Federal en el estado, con quienes abord\u00f3 la coordinaci\u00f3n de esfuerzos y trabajo conjunto, a fin de mejorar la calidad de vida<\/p>\n<div class=\"h10\"><\/div>\n<p><a class=\"more-link2 flat\" href=\"https:\/\/elconspirador.com.mx\/?p=26615\">Leer m\u00e1s<\/a><\/p>\n","protected":false},"author":1,"featured_media":26616,"comment_status":"open","ping_status":"open","sticky":false,"template":"","format":"standard","meta":{"om_disable_all_campaigns":false,"_uf_show_specific_survey":0,"_uf_disable_surveys":false},"categories":[1],"tags":[],"aioseo_notices":[],"_links":{"self":[{"href":"https:\/\/elconspirador.com.mx\/index.php?rest_route=\/wp\/v2\/posts\/26615"}],"collection":[{"href":"https:\/\/elconspirador.com.mx\/index.php?rest_route=\/wp\/v2\/posts"}],"about":[{"href":"https:\/\/elconspirador.com.mx\/index.php?rest_route=\/wp\/v2\/types\/post"}],"author":[{"embeddable":true,"href":"https:\/\/elconspirador.com.mx\/index.php?rest_route=\/wp\/v2\/users\/1"}],"replies":[{"embeddable":true,"href":"https:\/\/elconspirador.com.mx\/index.php?rest_route=%2Fwp%2Fv2%2Fcomments&post=26615"}],"version-history":[{"count":1,"href":"https:\/\/elconspirador.com.mx\/index.php?rest_route=\/wp\/v2\/posts\/26615\/revisions"}],"predecessor-version":[{"id":26617,"href":"https:\/\/elconspirador.com.mx\/index.php?rest_route=\/wp\/v2\/posts\/26615\/revisions\/26617"}],"wp:featuredmedia":[{"embeddable":true,"href":"https:\/\/elconspirador.com.mx\/index.php?rest_route=\/wp\/v2\/media\/26616"}],"wp:attachment":[{"href":"https:\/\/elconspirador.com.mx\/index.php?rest_route=%2Fwp%2Fv2%2Fmedia&parent=26615"}],"wp:term":[{"taxonomy":"category","embeddable":true,"href":"https:\/\/elconspirador.com.mx\/index.php?rest_route=%2Fwp%2Fv2%2Fcategories&post=26615"},{"taxonomy":"post_tag","embeddable":true,"href":"https:\/\/elconspirador.com.mx\/index.php?rest_route=%2Fwp%2Fv2%2Ftags&post=26615"}],"curies":[{"name":"wp","href":"https:\/\/api.w.org\/{rel}","templated":true}]}}