{"id":26618,"date":"2023-05-16T06:07:14","date_gmt":"2023-05-16T12:07:14","guid":{"rendered":"https:\/\/elconspirador.com.mx\/?p=26618"},"modified":"2023-05-16T06:07:14","modified_gmt":"2023-05-16T12:07:14","slug":"rina-en-santa-martha-acatitla-deja-3-muertos","status":"publish","type":"post","link":"https:\/\/elconspirador.com.mx\/?p=26618","title":{"rendered":"RI\u00d1A EN SANTA MARTHA ACATITLA DEJA 3 MUERTOS"},"content":{"rendered":"<p data-reader-unique-id=\"5\">Este lunes, en el Centro Varonil de Reinserci\u00f3n Social (CEVARESO) de <strong data-reader-unique-id=\"6\">Santa Martha Acatitl<\/strong>a, se registr\u00f3 una ri\u00f1a en la que al menos cinco personas privadas de su libertad agredieron a <strong data-reader-unique-id=\"7\">tres<\/strong> m\u00e1s que, derivado de los golpes, <strong data-reader-unique-id=\"8\">perdieron la vida.<\/strong><\/p>\n<p data-reader-unique-id=\"9\">Los agresores que ya fueron identificados.<\/p>\n<p data-reader-unique-id=\"13\">Resultado de los hechos ocurridos esta tarde, el director del CEVARESO y el subdirector de Seguridad <strong data-reader-unique-id=\"14\">fueron destituidos de sus cargos y se encuentran a disposici\u00f3n de las autoridades ministeriales.<\/strong><\/p>\n<p>Tras la ri\u00f1a en Santa Martha se identificaron a los agresores quienes son: un hombre que purga una condena de 49 a\u00f1os y seis meses por el delito de homicidio calificado y tiene otro proceso por portaci\u00f3n de arma de fuego sin licencia de tres a\u00f1os nueve meses y 17 d\u00edas.<\/p>\n<p>Otro de los agresores cuenta con una pena de 49 a\u00f1os por robo calificado y violaci\u00f3n calificada, as\u00ed como un proceso por homicidio calificado, secuestro, robo calificado y disparo de arma de fuego con 50 a\u00f1os; adem\u00e1s de un proceso de \u00edndole federal de 1 a\u00f1o nueve meses por el delito de portaci\u00f3n de arma de fuego sin licencia y un cuarto proceso por robo calificado de 11 a\u00f1os tres meses.<\/p>\n<p>El tercer involucrado cuenta con antecedentes por homicidio calificado con 23 a\u00f1os nueve meses, otro proceso por violaci\u00f3n calificada de 12 a\u00f1os tres meses, un proceso m\u00e1s por robo calificado de seis a\u00f1os, otro proceso por encubrimiento por receptaci\u00f3n de tres a\u00f1os dos meses 18 d\u00edas y tambi\u00e9n un proceso federal por portaci\u00f3n de arma de fuego de tres a\u00f1os tres meses. As\u00ed como un sexto proceso por posesi\u00f3n de droga de un a\u00f1o cuatro meses y 18 d\u00edas.<\/p>\n<p>El cuarto agresor cuenta con antecedentes por secuestro con 100 a\u00f1os de prisi\u00f3n por determinaci\u00f3n judicial; mientras que el \u00faltimo hombre cuenta con antecedentes por robo calificado con pena de cuatro a\u00f1os nueve meses y otro proceso por portaci\u00f3n de arma de fuego sin licencia con pena de dos a\u00f1os; adem\u00e1s cumpli\u00f3 una pena por el delito de robo agravado de cuatro a\u00f1os seis meses.<\/p>\n<p>Antecedentes de los fallecidos<\/p>\n<p>De las personas que perdieron la vida se tiene conocimiento que una de ellas contaba con antecedentes por homicidio calificado de 27 a\u00f1os seis meses y ten\u00eda otro proceso por homicidio calificado de 31 a\u00f1os 3 meses.<\/p>\n<p>El otro occiso compurgaba una sentencia de 27 a\u00f1os 11 d\u00edas por homicidio calificado y cumpli\u00f3 una sentencia por robo de seis a\u00f1os.<\/p>\n<p>Mientras que el tercer hombre compurgaba una pena de 26 a\u00f1os siete meses 29 d\u00edas por el delito de homicidio calificado y robo calificado; adem\u00e1s compurg\u00f3 una pena de tres a\u00f1os tres meses por el delito de portaci\u00f3n de arma de fuego sin licencia.<\/p>\n<p>Las autoridades informaron que se reforzaron las medidas de seguridad y se ampli\u00f3 el estado de fuerza en dicho centro penitenciario.<\/p>\n<p>Cabe se\u00f1alar que, actualmente, en el CEVARESO se mantienen las actividades de rutina en su funcionamiento; asimismo personal de la Fiscal\u00eda General de Justicia (FGJ) de la Ciudad de M\u00e9xico, ya tom\u00f3 conocimiento de los hechos para las investigaciones pertinentes, as\u00ed como para los servicios periciales correspondientes; en tanto, la Secretar\u00eda de Seguridad Ciudadana ya colabora en las indagatorias que deriven del caso.<\/p>\n","protected":false},"excerpt":{"rendered":"<p>Este lunes, en el Centro Varonil de Reinserci\u00f3n Social (CEVARESO) de Santa Martha Acatitla, se registr\u00f3 una ri\u00f1a en la que al menos cinco personas privadas de su libertad agredieron a tres m\u00e1s que, derivado de los golpes, perdieron la vida. Los agresores que ya fueron identificados. Resultado de los hechos ocurridos esta tarde, el director del CEVARESO y el<\/p>\n<div class=\"h10\"><\/div>\n<p><a class=\"more-link2 flat\" href=\"https:\/\/elconspirador.com.mx\/?p=26618\">Leer m\u00e1s<\/a><\/p>\n","protected":false},"author":1,"featured_media":26619,"comment_status":"open","ping_status":"open","sticky":false,"template":"","format":"standard","meta":{"om_disable_all_campaigns":false,"_uf_show_specific_survey":0,"_uf_disable_surveys":false},"categories":[68],"tags":[],"aioseo_notices":[],"_links":{"self":[{"href":"https:\/\/elconspirador.com.mx\/index.php?rest_route=\/wp\/v2\/posts\/26618"}],"collection":[{"href":"https:\/\/elconspirador.com.mx\/index.php?rest_route=\/wp\/v2\/posts"}],"about":[{"href":"https:\/\/elconspirador.com.mx\/index.php?rest_route=\/wp\/v2\/types\/post"}],"author":[{"embeddable":true,"href":"https:\/\/elconspirador.com.mx\/index.php?rest_route=\/wp\/v2\/users\/1"}],"replies":[{"embeddable":true,"href":"https:\/\/elconspirador.com.mx\/index.php?rest_route=%2Fwp%2Fv2%2Fcomments&post=26618"}],"version-history":[{"count":1,"href":"https:\/\/elconspirador.com.mx\/index.php?rest_route=\/wp\/v2\/posts\/26618\/revisions"}],"predecessor-version":[{"id":26620,"href":"https:\/\/elconspirador.com.mx\/index.php?rest_route=\/wp\/v2\/posts\/26618\/revisions\/26620"}],"wp:featuredmedia":[{"embeddable":true,"href":"https:\/\/elconspirador.com.mx\/index.php?rest_route=\/wp\/v2\/media\/26619"}],"wp:attachment":[{"href":"https:\/\/elconspirador.com.mx\/index.php?rest_route=%2Fwp%2Fv2%2Fmedia&parent=26618"}],"wp:term":[{"taxonomy":"category","embeddable":true,"href":"https:\/\/elconspirador.com.mx\/index.php?rest_route=%2Fwp%2Fv2%2Fcategories&post=26618"},{"taxonomy":"post_tag","embeddable":true,"href":"https:\/\/elconspirador.com.mx\/index.php?rest_route=%2Fwp%2Fv2%2Ftags&post=26618"}],"curies":[{"name":"wp","href":"https:\/\/api.w.org\/{rel}","templated":true}]}}