{"id":26638,"date":"2023-05-16T23:40:55","date_gmt":"2023-05-17T05:40:55","guid":{"rendered":"https:\/\/elconspirador.com.mx\/?p=26638"},"modified":"2023-05-16T21:41:08","modified_gmt":"2023-05-17T03:41:08","slug":"fbi-localiza-terroristas-entre-migrantes","status":"publish","type":"post","link":"https:\/\/elconspirador.com.mx\/?p=26638","title":{"rendered":"FBI LOCALIZA TERRORISTAS ENTRE MIGRANTES"},"content":{"rendered":"<p data-reader-unique-id=\"2\">Un hombre incluido en la lista de vigilancia terrorista del Bur\u00f3 Federal de Investigaciones (FBI, por sus siglas en ingl\u00e9s) fue detenido luego de cruzar la frontera entre M\u00e9xico y Estados Unidos, el pasado 10 de mayo, en el contexto del fin del T\u00edtulo 42.<\/p>\n<p data-reader-unique-id=\"3\">El hombre, al que las autoridades no identificaron oficialmente, fue arrestado junto con un grupo de migrantes cerca de Otay Mesa, unos diez kil\u00f3metros al este de San Ysidro, inform\u00f3 Jim Desmond, miembro del cabildo de gobierno del condado de San Diego.<\/p>\n<p data-reader-unique-id=\"5\"><strong data-reader-unique-id=\"6\">Endurecen pol\u00edtica<\/strong><\/p>\n<p data-reader-unique-id=\"7\">Tras el fin de las restricciones conocidas como T\u00edtulo 42, las autoridades estadunidenses indicaron que habr\u00e1 \u201cconsecuencias m\u00e1s duras\u201d para las personas que crucen ilegalmente la frontera.<\/p>\n<p data-reader-unique-id=\"8\">Los migrantes que sean detenidos ahora se enfrentar\u00e1n a una prohibici\u00f3n m\u00ednima de cinco a\u00f1os para volver a ingresar y la posibilidad de ser procesados penalmente si lo intentan de nueva cuenta, indic\u00f3 Blas Nu\u00f1ez-Neto, funcionario del Departamento de Seguridad Nacional de EU.<\/p>\n<p><strong data-reader-unique-id=\"11\">Fueron m\u00e1s de dos mil 400 personas<\/strong>\u00a0las que deport\u00f3 Estados Unidos a M\u00e9xico en los primeros tres d\u00edas posteriores al fin del T\u00edtulo 42.<\/p>\n","protected":false},"excerpt":{"rendered":"<p>Un hombre incluido en la lista de vigilancia terrorista del Bur\u00f3 Federal de Investigaciones (FBI, por sus siglas en ingl\u00e9s) fue detenido luego de cruzar la frontera entre M\u00e9xico y Estados Unidos, el pasado 10 de mayo, en el contexto del fin del T\u00edtulo 42. El hombre, al que las autoridades no identificaron oficialmente, fue arrestado junto con un grupo<\/p>\n<div class=\"h10\"><\/div>\n<p><a class=\"more-link2 flat\" href=\"https:\/\/elconspirador.com.mx\/?p=26638\">Leer m\u00e1s<\/a><\/p>\n","protected":false},"author":1,"featured_media":26639,"comment_status":"open","ping_status":"open","sticky":false,"template":"","format":"standard","meta":{"om_disable_all_campaigns":false,"_uf_show_specific_survey":0,"_uf_disable_surveys":false},"categories":[69],"tags":[],"aioseo_notices":[],"_links":{"self":[{"href":"https:\/\/elconspirador.com.mx\/index.php?rest_route=\/wp\/v2\/posts\/26638"}],"collection":[{"href":"https:\/\/elconspirador.com.mx\/index.php?rest_route=\/wp\/v2\/posts"}],"about":[{"href":"https:\/\/elconspirador.com.mx\/index.php?rest_route=\/wp\/v2\/types\/post"}],"author":[{"embeddable":true,"href":"https:\/\/elconspirador.com.mx\/index.php?rest_route=\/wp\/v2\/users\/1"}],"replies":[{"embeddable":true,"href":"https:\/\/elconspirador.com.mx\/index.php?rest_route=%2Fwp%2Fv2%2Fcomments&post=26638"}],"version-history":[{"count":1,"href":"https:\/\/elconspirador.com.mx\/index.php?rest_route=\/wp\/v2\/posts\/26638\/revisions"}],"predecessor-version":[{"id":26640,"href":"https:\/\/elconspirador.com.mx\/index.php?rest_route=\/wp\/v2\/posts\/26638\/revisions\/26640"}],"wp:featuredmedia":[{"embeddable":true,"href":"https:\/\/elconspirador.com.mx\/index.php?rest_route=\/wp\/v2\/media\/26639"}],"wp:attachment":[{"href":"https:\/\/elconspirador.com.mx\/index.php?rest_route=%2Fwp%2Fv2%2Fmedia&parent=26638"}],"wp:term":[{"taxonomy":"category","embeddable":true,"href":"https:\/\/elconspirador.com.mx\/index.php?rest_route=%2Fwp%2Fv2%2Fcategories&post=26638"},{"taxonomy":"post_tag","embeddable":true,"href":"https:\/\/elconspirador.com.mx\/index.php?rest_route=%2Fwp%2Fv2%2Ftags&post=26638"}],"curies":[{"name":"wp","href":"https:\/\/api.w.org\/{rel}","templated":true}]}}