{"id":26641,"date":"2023-05-16T15:12:19","date_gmt":"2023-05-16T21:12:19","guid":{"rendered":"https:\/\/elconspirador.com.mx\/?p=26641"},"modified":"2023-05-16T15:12:19","modified_gmt":"2023-05-16T21:12:19","slug":"kuri-respalda-a-policias-acusados-de-agresion","status":"publish","type":"post","link":"https:\/\/elconspirador.com.mx\/?p=26641","title":{"rendered":"KURI RESPALDA A POLIC\u00cdAS ACUSADOS DE AGRESI\u00d3N"},"content":{"rendered":"<p>El gobernador del estado, Mauricio Kuri Gonz\u00e1lez, respald\u00f3 a los polic\u00edas acusados de violencia en contra de una comunicadora en Bernardo Quintana.<\/p>\n<p>Se trata del caso en donde una mujer, influencer, hab\u00eda denunciado la agresi\u00f3n policial, pero posteriormente se aclar\u00f3 que fue ella quien golpe\u00f3 a una conductora despu\u00e9s de un percance automovil\u00edstico.<\/p>\n<p>&#8220;Creo que tenemos muy buena polic\u00eda, siempre respaldar\u00e9 a mi polic\u00eda, hasta no ver algo contrario y veremos qu\u00e9 dicen las autoridades. Creo que tenemos que entender que tenemos que respetar a los polic\u00edas que hacen bien su trabajo y creo que en este momento lo que tengo es que hicieron bien las cosas&#8221;.<\/p>\n<p>Incluso lament\u00f3 que haya habido declaraciones por parte de la mujer, sin fundamento y afectando a los polic\u00edas, quienes se encuentran suspendidos de manera temporal.<\/p>\n<p>Incluso consider\u00f3 grave que se haya acusado de violaci\u00f3n a los uniformados y con ello se afecte su reputaci\u00f3n, pues agreg\u00f3, no existe evidencia de tales hechos.<\/p>\n<p>&#8220;Hasta este momento no tengo ninguna evidencia, que haya tenido un tema de violaci\u00f3n, nada cercano a eso. Si un polic\u00eda actu\u00f3 mal, por supuesto le vamos a aplicar toda la ley&#8221;.<\/p>\n","protected":false},"excerpt":{"rendered":"<p>El gobernador del estado, Mauricio Kuri Gonz\u00e1lez, respald\u00f3 a los polic\u00edas acusados de violencia en contra de una comunicadora en Bernardo Quintana. Se trata del caso en donde una mujer, influencer, hab\u00eda denunciado la agresi\u00f3n policial, pero posteriormente se aclar\u00f3 que fue ella quien golpe\u00f3 a una conductora despu\u00e9s de un percance automovil\u00edstico. &#8220;Creo que tenemos muy buena polic\u00eda, siempre<\/p>\n<div class=\"h10\"><\/div>\n<p><a class=\"more-link2 flat\" href=\"https:\/\/elconspirador.com.mx\/?p=26641\">Leer m\u00e1s<\/a><\/p>\n","protected":false},"author":1,"featured_media":26642,"comment_status":"open","ping_status":"open","sticky":false,"template":"","format":"standard","meta":{"om_disable_all_campaigns":false,"_uf_show_specific_survey":0,"_uf_disable_surveys":false},"categories":[1],"tags":[],"aioseo_notices":[],"_links":{"self":[{"href":"https:\/\/elconspirador.com.mx\/index.php?rest_route=\/wp\/v2\/posts\/26641"}],"collection":[{"href":"https:\/\/elconspirador.com.mx\/index.php?rest_route=\/wp\/v2\/posts"}],"about":[{"href":"https:\/\/elconspirador.com.mx\/index.php?rest_route=\/wp\/v2\/types\/post"}],"author":[{"embeddable":true,"href":"https:\/\/elconspirador.com.mx\/index.php?rest_route=\/wp\/v2\/users\/1"}],"replies":[{"embeddable":true,"href":"https:\/\/elconspirador.com.mx\/index.php?rest_route=%2Fwp%2Fv2%2Fcomments&post=26641"}],"version-history":[{"count":1,"href":"https:\/\/elconspirador.com.mx\/index.php?rest_route=\/wp\/v2\/posts\/26641\/revisions"}],"predecessor-version":[{"id":26643,"href":"https:\/\/elconspirador.com.mx\/index.php?rest_route=\/wp\/v2\/posts\/26641\/revisions\/26643"}],"wp:featuredmedia":[{"embeddable":true,"href":"https:\/\/elconspirador.com.mx\/index.php?rest_route=\/wp\/v2\/media\/26642"}],"wp:attachment":[{"href":"https:\/\/elconspirador.com.mx\/index.php?rest_route=%2Fwp%2Fv2%2Fmedia&parent=26641"}],"wp:term":[{"taxonomy":"category","embeddable":true,"href":"https:\/\/elconspirador.com.mx\/index.php?rest_route=%2Fwp%2Fv2%2Fcategories&post=26641"},{"taxonomy":"post_tag","embeddable":true,"href":"https:\/\/elconspirador.com.mx\/index.php?rest_route=%2Fwp%2Fv2%2Ftags&post=26641"}],"curies":[{"name":"wp","href":"https:\/\/api.w.org\/{rel}","templated":true}]}}