{"id":26644,"date":"2023-05-16T23:30:06","date_gmt":"2023-05-17T05:30:06","guid":{"rendered":"https:\/\/elconspirador.com.mx\/?p=26644"},"modified":"2023-05-16T21:42:29","modified_gmt":"2023-05-17T03:42:29","slug":"detienen-a-abuela-por-prostituir-a-su-nieta","status":"publish","type":"post","link":"https:\/\/elconspirador.com.mx\/?p=26644","title":{"rendered":"DETIENEN A ABUELA POR PROSTITUIR A SU NIETA"},"content":{"rendered":"<p data-reader-unique-id=\"1\"><span data-tbw-flag=\"true\" data-reader-unique-id=\"2\">Una mujer de 54 a\u00f1os identificada como Juana fue detenida y <strong data-reader-unique-id=\"3\">vinculada a proceso<\/strong>\u00a0en Zacatecas por su presunta participaci\u00f3n en el delito de trata de personas cometido contra su propia nieta, una menor de 15 a\u00f1os quien la denunci\u00f3.<\/span><\/p>\n<p data-reader-unique-id=\"6\">Las autoridades confirmaron que se enteraron de la situaci\u00f3n luego de que personal de salud de un hospital de la capital inform\u00f3 al Ministerio P\u00fablico que una menor de 15 a\u00f1os lleg\u00f3 sola y <strong data-reader-unique-id=\"7\">presentaba problemas con su embarazo<\/strong> de 36 semanas de gestaci\u00f3n.<\/p>\n<p data-reader-unique-id=\"25\"><span data-tbw-flag=\"true\" data-reader-unique-id=\"26\">Los trabajadores de la salud aplicaron los protocolos de prevenci\u00f3n de embarazo adolescente y en la entrevista con la menor, la ni\u00f1a refiri\u00f3 haber sufrido <strong data-reader-unique-id=\"27\">abuso sexual<\/strong>desde los 13 a\u00f1os, cuando su abuela comenz\u00f3 a obligarla a <strong data-reader-unique-id=\"28\">tener relaciones sexuales con diferentes hombres a cambio de dinero<\/strong>.<\/span><\/p>\n<p data-reader-unique-id=\"30\">Las autoridades implementaron un operativo para salvaguardar a la menor embarazada y se le brind\u00f3 apoyo a trav\u00e9s de la Fiscal\u00eda Especializada en Derechos Humanos donde se encontraron elementos suficientes en la narraci\u00f3n de la v\u00edctima mediante los dict\u00e1menes m\u00e9dicos y psicol\u00f3gicos realizados.<\/p>\n<p data-reader-unique-id=\"31\">Tras recibir la denuncia formal por parte de la menor, se obtuvo una orden de cateo en el domicilio donde la v\u00edctima refiri\u00f3 haber sido abusada y ah\u00ed se localiz\u00f3 a la se\u00f1ora Juana.<\/p>\n<p data-reader-unique-id=\"44\"><span data-tbw-flag=\"true\" data-reader-unique-id=\"45\">Tras las pruebas presentadas por la fiscal\u00eda, un juez de control dict\u00f3 auto de vinculaci\u00f3n a proceso contra la acusada, quien permanecer\u00e1 recluida en un penal mediante la medida cautelar de <strong data-reader-unique-id=\"46\">prisi\u00f3n preventiva justificada<\/strong>.<\/span><\/p>\n<p data-reader-unique-id=\"48\">La se\u00f1ora Juana enfrenar\u00e1 el juicio tras las rejas donde deber\u00e1 comprobar su inocencia en el delito de trata de personas en su modalidad de <strong data-reader-unique-id=\"49\">prostituci\u00f3n ajena<\/strong>, por el que es acusada por las autoridades quienes representan a la menor de edad, quien decidi\u00f3 continuar con su proceso de gestaci\u00f3n.<\/p>\n","protected":false},"excerpt":{"rendered":"<p>Una mujer de 54 a\u00f1os identificada como Juana fue detenida y vinculada a proceso\u00a0en Zacatecas por su presunta participaci\u00f3n en el delito de trata de personas cometido contra su propia nieta, una menor de 15 a\u00f1os quien la denunci\u00f3. Las autoridades confirmaron que se enteraron de la situaci\u00f3n luego de que personal de salud de un hospital de la capital<\/p>\n<div class=\"h10\"><\/div>\n<p><a class=\"more-link2 flat\" href=\"https:\/\/elconspirador.com.mx\/?p=26644\">Leer m\u00e1s<\/a><\/p>\n","protected":false},"author":1,"featured_media":26645,"comment_status":"open","ping_status":"open","sticky":false,"template":"","format":"standard","meta":{"om_disable_all_campaigns":false,"_uf_show_specific_survey":0,"_uf_disable_surveys":false},"categories":[68],"tags":[],"aioseo_notices":[],"_links":{"self":[{"href":"https:\/\/elconspirador.com.mx\/index.php?rest_route=\/wp\/v2\/posts\/26644"}],"collection":[{"href":"https:\/\/elconspirador.com.mx\/index.php?rest_route=\/wp\/v2\/posts"}],"about":[{"href":"https:\/\/elconspirador.com.mx\/index.php?rest_route=\/wp\/v2\/types\/post"}],"author":[{"embeddable":true,"href":"https:\/\/elconspirador.com.mx\/index.php?rest_route=\/wp\/v2\/users\/1"}],"replies":[{"embeddable":true,"href":"https:\/\/elconspirador.com.mx\/index.php?rest_route=%2Fwp%2Fv2%2Fcomments&post=26644"}],"version-history":[{"count":1,"href":"https:\/\/elconspirador.com.mx\/index.php?rest_route=\/wp\/v2\/posts\/26644\/revisions"}],"predecessor-version":[{"id":26646,"href":"https:\/\/elconspirador.com.mx\/index.php?rest_route=\/wp\/v2\/posts\/26644\/revisions\/26646"}],"wp:featuredmedia":[{"embeddable":true,"href":"https:\/\/elconspirador.com.mx\/index.php?rest_route=\/wp\/v2\/media\/26645"}],"wp:attachment":[{"href":"https:\/\/elconspirador.com.mx\/index.php?rest_route=%2Fwp%2Fv2%2Fmedia&parent=26644"}],"wp:term":[{"taxonomy":"category","embeddable":true,"href":"https:\/\/elconspirador.com.mx\/index.php?rest_route=%2Fwp%2Fv2%2Fcategories&post=26644"},{"taxonomy":"post_tag","embeddable":true,"href":"https:\/\/elconspirador.com.mx\/index.php?rest_route=%2Fwp%2Fv2%2Ftags&post=26644"}],"curies":[{"name":"wp","href":"https:\/\/api.w.org\/{rel}","templated":true}]}}