{"id":26650,"date":"2023-05-16T17:18:17","date_gmt":"2023-05-16T23:18:17","guid":{"rendered":"https:\/\/elconspirador.com.mx\/?p=26650"},"modified":"2023-05-16T17:18:17","modified_gmt":"2023-05-16T23:18:17","slug":"los-resultados-dirigiran-mi-rumbo-lupita","status":"publish","type":"post","link":"https:\/\/elconspirador.com.mx\/?p=26650","title":{"rendered":"LOS RESULTADOS DIRIGIR\u00c1N MI RUMBO: LUPITA"},"content":{"rendered":"<p>La Secretaria de Gobierno, Guadalupe Murgu\u00eda Guti\u00e9rrez, asegur\u00f3 que la colocaci\u00f3n de espectaculares por parte de una revista no constituyen actos anticipados de campa\u00f1a.<\/p>\n<p>Esto porque la revista Central Municipal, de la Ciudad de M\u00e9xico, coloc\u00f3 espectaculares de su portada de marzo, donde aparece una imagen de la funcionaria.<\/p>\n<p>En ese sentido, justific\u00f3 que la colocaci\u00f3n de estos espectaculares, de acuerdo con las resoluciones de la corte, no representan una violaci\u00f3n a la ley electoral.<\/p>\n<p>&#8220;Dentro de su estrategia de mercadotecnia para penetrar en el mercado de Quer\u00e9taro est\u00e1n estos espectaculares, evidentemente yo acced\u00ed a que esta entrevista en donde sal\u00ed en la portada pudiera salir en los espectaculares, pero lo hice consultando las disposiciones legales y los criterios legales que ahorita est\u00e1n vigentes&#8221;.<\/p>\n<p>Por esta raz\u00f3n se le pregunt\u00f3 si tiene intenciones de contender por la presidencia municipal de Quer\u00e9taro, pues fue pr\u00e1cticamente en toda la demarcaci\u00f3n donde aparecieron los espectaculares.<\/p>\n<p>&#8220;Hoy soy Secretaria de Gobierno, cualquier aspiraci\u00f3n depende de c\u00f3mo haga mi trabajo y lo haga bien. Estoy en la Secretar\u00eda de Gobierno, no suelto un asunto; estoy atento a todo lo que se requiere, en coordinaci\u00f3n total con mis subsecretarios y si tengo una aspiraci\u00f3n depender\u00e1 fundamentalmente de que d\u00e9 buenos resultados&#8221;.<\/p>\n","protected":false},"excerpt":{"rendered":"<p>La Secretaria de Gobierno, Guadalupe Murgu\u00eda Guti\u00e9rrez, asegur\u00f3 que la colocaci\u00f3n de espectaculares por parte de una revista no constituyen actos anticipados de campa\u00f1a. Esto porque la revista Central Municipal, de la Ciudad de M\u00e9xico, coloc\u00f3 espectaculares de su portada de marzo, donde aparece una imagen de la funcionaria. En ese sentido, justific\u00f3 que la colocaci\u00f3n de estos espectaculares, de<\/p>\n<div class=\"h10\"><\/div>\n<p><a class=\"more-link2 flat\" href=\"https:\/\/elconspirador.com.mx\/?p=26650\">Leer m\u00e1s<\/a><\/p>\n","protected":false},"author":1,"featured_media":26651,"comment_status":"open","ping_status":"open","sticky":false,"template":"","format":"standard","meta":{"om_disable_all_campaigns":false,"_uf_show_specific_survey":0,"_uf_disable_surveys":false},"categories":[1],"tags":[],"aioseo_notices":[],"_links":{"self":[{"href":"https:\/\/elconspirador.com.mx\/index.php?rest_route=\/wp\/v2\/posts\/26650"}],"collection":[{"href":"https:\/\/elconspirador.com.mx\/index.php?rest_route=\/wp\/v2\/posts"}],"about":[{"href":"https:\/\/elconspirador.com.mx\/index.php?rest_route=\/wp\/v2\/types\/post"}],"author":[{"embeddable":true,"href":"https:\/\/elconspirador.com.mx\/index.php?rest_route=\/wp\/v2\/users\/1"}],"replies":[{"embeddable":true,"href":"https:\/\/elconspirador.com.mx\/index.php?rest_route=%2Fwp%2Fv2%2Fcomments&post=26650"}],"version-history":[{"count":1,"href":"https:\/\/elconspirador.com.mx\/index.php?rest_route=\/wp\/v2\/posts\/26650\/revisions"}],"predecessor-version":[{"id":26652,"href":"https:\/\/elconspirador.com.mx\/index.php?rest_route=\/wp\/v2\/posts\/26650\/revisions\/26652"}],"wp:featuredmedia":[{"embeddable":true,"href":"https:\/\/elconspirador.com.mx\/index.php?rest_route=\/wp\/v2\/media\/26651"}],"wp:attachment":[{"href":"https:\/\/elconspirador.com.mx\/index.php?rest_route=%2Fwp%2Fv2%2Fmedia&parent=26650"}],"wp:term":[{"taxonomy":"category","embeddable":true,"href":"https:\/\/elconspirador.com.mx\/index.php?rest_route=%2Fwp%2Fv2%2Fcategories&post=26650"},{"taxonomy":"post_tag","embeddable":true,"href":"https:\/\/elconspirador.com.mx\/index.php?rest_route=%2Fwp%2Fv2%2Ftags&post=26650"}],"curies":[{"name":"wp","href":"https:\/\/api.w.org\/{rel}","templated":true}]}}