{"id":26653,"date":"2023-05-16T11:36:37","date_gmt":"2023-05-16T17:36:37","guid":{"rendered":"https:\/\/elconspirador.com.mx\/?p=26653"},"modified":"2023-05-16T11:36:37","modified_gmt":"2023-05-16T17:36:37","slug":"nava-supervisa-paso-superior-vehicular","status":"publish","type":"post","link":"https:\/\/elconspirador.com.mx\/?p=26653","title":{"rendered":"NAVA SUPERVISA PASO SUPERIOR VEHICULAR"},"content":{"rendered":"<p>El Presidente Municipal, Luis Nava, en compa\u00f1\u00eda de la Secretaria de Obras P\u00fablicas Municipales, Oriana L\u00f3pez Castillo, supervis\u00f3 los avances en la construcci\u00f3n del paso superior vehicular de prolongaci\u00f3n Bernardo Quintana, en la colonia San Pedro M\u00e1rtir, y que gracias al avance del 85 por ciento que reporta, en las pr\u00f3ximas semanas abrir\u00e1 los carriles en el sentido a la Av. De la Luz en apoyo a una mejor movilidad y una mejor calidad de vida para las y los queretanos que por ah\u00ed transitan.<\/p>\n<p>&#8220;Estamos revisando c\u00f3mo va la obra del puente de San Pedro M\u00e1rtir que va a ayudar a mejorar la movilidad en toda esta zona. Estamos a dos semanas de abrir el sentido de Plaza Patio a Avenida de la Luz en la parte elevada y as\u00ed dar paso a los trabajos en la parte baja del puente. Esta obra en general va a beneficiar a ciclistas, peatones y toda la movilidad de la zona para realizar recorridos \u00e1giles y seguros\u201d, indic\u00f3 Luis Nava.<\/p>\n<p>La construcci\u00f3n de este paso superior vehicular, que se prev\u00e9 concluir\u00e1 el 30 de junio pr\u00f3ximo, consiste en 133 metros lineales de puente con dos cuerpos de tres carriles cada uno y la intervenci\u00f3n de vialidades debajo del puente para mejorar la movilidad en beneficio del peat\u00f3n. En total suman, 940 metros lineales de intervenci\u00f3n, incluyendo rampas.<\/p>\n<p>Este proyecto de obra p\u00fablica se suma a la estrategia de mejora de infraestructura urbana y crecimiento ordenado de la Ciudad que queremos; beneficiar\u00e1 a m\u00e1s de 450 mil ciudadanas y ciudadanos que circulan por la zona porque ver\u00e1n reducidos sus tiempos de traslado; y privilegia tambi\u00e9n el paso de peatones y ciclistas, tal como lo establece la pir\u00e1mide de movilidad.<\/p>\n","protected":false},"excerpt":{"rendered":"<p>El Presidente Municipal, Luis Nava, en compa\u00f1\u00eda de la Secretaria de Obras P\u00fablicas Municipales, Oriana L\u00f3pez Castillo, supervis\u00f3 los avances en la construcci\u00f3n del paso superior vehicular de prolongaci\u00f3n Bernardo Quintana, en la colonia San Pedro M\u00e1rtir, y que gracias al avance del 85 por ciento que reporta, en las pr\u00f3ximas semanas abrir\u00e1 los carriles en el sentido a la<\/p>\n<div class=\"h10\"><\/div>\n<p><a class=\"more-link2 flat\" href=\"https:\/\/elconspirador.com.mx\/?p=26653\">Leer m\u00e1s<\/a><\/p>\n","protected":false},"author":1,"featured_media":26654,"comment_status":"open","ping_status":"open","sticky":false,"template":"","format":"standard","meta":{"om_disable_all_campaigns":false,"_uf_show_specific_survey":0,"_uf_disable_surveys":false},"categories":[1],"tags":[],"aioseo_notices":[],"_links":{"self":[{"href":"https:\/\/elconspirador.com.mx\/index.php?rest_route=\/wp\/v2\/posts\/26653"}],"collection":[{"href":"https:\/\/elconspirador.com.mx\/index.php?rest_route=\/wp\/v2\/posts"}],"about":[{"href":"https:\/\/elconspirador.com.mx\/index.php?rest_route=\/wp\/v2\/types\/post"}],"author":[{"embeddable":true,"href":"https:\/\/elconspirador.com.mx\/index.php?rest_route=\/wp\/v2\/users\/1"}],"replies":[{"embeddable":true,"href":"https:\/\/elconspirador.com.mx\/index.php?rest_route=%2Fwp%2Fv2%2Fcomments&post=26653"}],"version-history":[{"count":1,"href":"https:\/\/elconspirador.com.mx\/index.php?rest_route=\/wp\/v2\/posts\/26653\/revisions"}],"predecessor-version":[{"id":26655,"href":"https:\/\/elconspirador.com.mx\/index.php?rest_route=\/wp\/v2\/posts\/26653\/revisions\/26655"}],"wp:featuredmedia":[{"embeddable":true,"href":"https:\/\/elconspirador.com.mx\/index.php?rest_route=\/wp\/v2\/media\/26654"}],"wp:attachment":[{"href":"https:\/\/elconspirador.com.mx\/index.php?rest_route=%2Fwp%2Fv2%2Fmedia&parent=26653"}],"wp:term":[{"taxonomy":"category","embeddable":true,"href":"https:\/\/elconspirador.com.mx\/index.php?rest_route=%2Fwp%2Fv2%2Fcategories&post=26653"},{"taxonomy":"post_tag","embeddable":true,"href":"https:\/\/elconspirador.com.mx\/index.php?rest_route=%2Fwp%2Fv2%2Ftags&post=26653"}],"curies":[{"name":"wp","href":"https:\/\/api.w.org\/{rel}","templated":true}]}}