{"id":26658,"date":"2023-05-16T13:15:16","date_gmt":"2023-05-16T19:15:16","guid":{"rendered":"https:\/\/elconspirador.com.mx\/?p=26658"},"modified":"2023-05-16T13:15:16","modified_gmt":"2023-05-16T19:15:16","slug":"necesario-prevenir-violencia-vs-las-comunidades-sexodiversas-uaq","status":"publish","type":"post","link":"https:\/\/elconspirador.com.mx\/?p=26658","title":{"rendered":"NECESARIO PREVENIR VIOLENCIA VS LAS COMUNIDADES SEXODIVERSAS: UAQ"},"content":{"rendered":"<p>En el marco del D\u00eda Internacional contra la Homofobia, Bifobia y Transfobia (Lgbtfobia), resulta importante orientar los esfuerzos hacia prevenir las violencias en contra de las comunidades sexodiversas, en lugar de actuar una vez que ya ocurren estas, puntualiz\u00f3 la coordinadora del \u00c1rea de Diversidades y Disidencias Sexuales de la Direcci\u00f3n de Igualdad de G\u00e9nero y no Discriminaci\u00f3n de la Universidad Aut\u00f3noma de Quer\u00e9taro (UAQ), Mtra. Lucie Mignon Montalvo.<\/p>\n<p>&nbsp;<\/p>\n<p>La conmemoraci\u00f3n \u2014fijada el 17 de mayo\u2014 fue impulsada por la Organizaci\u00f3n de las Naciones Unidas (ONU) desde 2004 a ra\u00edz de que, en el a\u00f1o de 1990 de ese mismo d\u00eda, dicho organismo tom\u00f3 la decisi\u00f3n de eliminar la homosexualidad de su listado de enfermedades mentales.<\/p>\n<p>&nbsp;<\/p>\n<p>La Mtra. Lucie Mignon sostuvo que tal fecha ha dado pie a que en la actualidad se fomente la tolerancia y la no discriminaci\u00f3n; pese a que todav\u00eda falta un largo camino por recorrer, la inclusi\u00f3n y el respeto a la diferencia en los espacios p\u00fablicos se ha normalizado cada vez m\u00e1s.<\/p>\n<p>&nbsp;<\/p>\n<p>En este sentido, enfatiz\u00f3 que desde la Direcci\u00f3n de Igualdad de G\u00e9nero y no Discriminaci\u00f3n de la UAQ se asume permanentemente un compromiso por el respeto a la diversidad y la dignidad humana a trav\u00e9s de la defensa de los derechos humanos, mediante la realizaci\u00f3n de m\u00faltiples acciones que han visibilizado las desigualdades de g\u00e9nero y las violencias a la comunidad LGBTIQ+.<\/p>\n<p>&nbsp;<\/p>\n<p>\u201cLa Direcci\u00f3n de Igualdad de G\u00e9nero y no Discriminaci\u00f3n constantemente promueve talleres, conferencias, seminarios y cursos que versan sobre la prevenci\u00f3n para poder fomentar una sociedad m\u00e1s inclusiva e igualitaria al interior de la comunidad universitaria\u201d, puntualiz\u00f3 la Mtra. Lucie Mignon.<\/p>\n<p>&nbsp;<\/p>\n<p>Destac\u00f3 que una de las acciones en aras de visibilizar a las sexodiversidades al interior y exterior de la UAQ corresponde a la intervenci\u00f3n art\u00edstica denominada \u201cSexilio: disidencias migratorias\u201d, una escultura en forma de alas de mariposa que remite a la identificaci\u00f3n metaf\u00f3rica con este ser migratorio y que ha sido utilizado en diferentes proyectos art\u00edsticos para representar la movilidad y transformaci\u00f3n de las sociedades, en particular, la comunidad LGBTIQ+.<\/p>\n<p>&nbsp;<\/p>\n<p>De igual forma, subray\u00f3 que al interior de la M\u00e1xima Casa de Estudios queretana se est\u00e1 contemplando una renovaci\u00f3n en los procesos administrativos para que las, les y los universitarios con identidad de g\u00e9nero y nombre diferente a los asignados al nacer puedan cambiar su c\u00e9dula universitaria, con el fin de que corresponda al g\u00e9nero con el que se identifiquen.<\/p>\n<p>&nbsp;<\/p>\n<p>\u201cDesafortunadamente en el estado de Quer\u00e9taro todav\u00eda no est\u00e1n los mecanismos que ayuden a fomentar esta inclusi\u00f3n; las personas que quieren cambiar su nombre tienen que hacer este proceso judicial para poder amparar su nombre, el cual es tortuoso y demanda, tambi\u00e9n, muchos recursos econ\u00f3micos. La finalidad es que dentro de la UAQ se instaure este mecanismo como un procedimiento meramente administrativo para que las personas puedan transitar libremente sin violencia al interior de la Universidad\u201d, refiri\u00f3 la Mtra. Lucie Mignon Montalvo.<\/p>\n<p>&nbsp;<\/p>\n<p>Finalmente, la acad\u00e9mica resalt\u00f3 la importancia de visibilizar las discriminaciones en todos los \u00e1mbitos de la vida cotidiana, ya que a\u00fan persisten exclusiones por motivos de raza, religi\u00f3n, condici\u00f3n social, identidad de g\u00e9nero u orientaci\u00f3n sexual, pese a los avances que se han alcanzado.<\/p>\n<p>&nbsp;<\/p>\n<p>\u201cSiguen existiendo personas que son condenadas por sus semejantes debido a su forma de pensar, sentir y actuar, que es distinta a lo que tradicionalmente se ha establecido como norma de pensamiento y comportamiento social. Es importante visibilizar estos d\u00edas que conmemoran la lucha de la comunidad LGBTIQ+ en los diferentes espacios para seguir resistiendo y generar mayor inclusi\u00f3n en la sociedad\u201d, se\u00f1al\u00f3 la Mtra. Lucie Mignon.<\/p>\n<p>&nbsp;<\/p>\n","protected":false},"excerpt":{"rendered":"<p>En el marco del D\u00eda Internacional contra la Homofobia, Bifobia y Transfobia (Lgbtfobia), resulta importante orientar los esfuerzos hacia prevenir las violencias en contra de las comunidades sexodiversas, en lugar de actuar una vez que ya ocurren estas, puntualiz\u00f3 la coordinadora del \u00c1rea de Diversidades y Disidencias Sexuales de la Direcci\u00f3n de Igualdad de G\u00e9nero y no Discriminaci\u00f3n de la<\/p>\n<div class=\"h10\"><\/div>\n<p><a class=\"more-link2 flat\" href=\"https:\/\/elconspirador.com.mx\/?p=26658\">Leer m\u00e1s<\/a><\/p>\n","protected":false},"author":1,"featured_media":0,"comment_status":"open","ping_status":"open","sticky":false,"template":"","format":"standard","meta":{"om_disable_all_campaigns":false,"_uf_show_specific_survey":0,"_uf_disable_surveys":false},"categories":[1],"tags":[],"aioseo_notices":[],"_links":{"self":[{"href":"https:\/\/elconspirador.com.mx\/index.php?rest_route=\/wp\/v2\/posts\/26658"}],"collection":[{"href":"https:\/\/elconspirador.com.mx\/index.php?rest_route=\/wp\/v2\/posts"}],"about":[{"href":"https:\/\/elconspirador.com.mx\/index.php?rest_route=\/wp\/v2\/types\/post"}],"author":[{"embeddable":true,"href":"https:\/\/elconspirador.com.mx\/index.php?rest_route=\/wp\/v2\/users\/1"}],"replies":[{"embeddable":true,"href":"https:\/\/elconspirador.com.mx\/index.php?rest_route=%2Fwp%2Fv2%2Fcomments&post=26658"}],"version-history":[{"count":1,"href":"https:\/\/elconspirador.com.mx\/index.php?rest_route=\/wp\/v2\/posts\/26658\/revisions"}],"predecessor-version":[{"id":26660,"href":"https:\/\/elconspirador.com.mx\/index.php?rest_route=\/wp\/v2\/posts\/26658\/revisions\/26660"}],"wp:attachment":[{"href":"https:\/\/elconspirador.com.mx\/index.php?rest_route=%2Fwp%2Fv2%2Fmedia&parent=26658"}],"wp:term":[{"taxonomy":"category","embeddable":true,"href":"https:\/\/elconspirador.com.mx\/index.php?rest_route=%2Fwp%2Fv2%2Fcategories&post=26658"},{"taxonomy":"post_tag","embeddable":true,"href":"https:\/\/elconspirador.com.mx\/index.php?rest_route=%2Fwp%2Fv2%2Ftags&post=26658"}],"curies":[{"name":"wp","href":"https:\/\/api.w.org\/{rel}","templated":true}]}}