{"id":26666,"date":"2023-05-16T18:32:07","date_gmt":"2023-05-17T00:32:07","guid":{"rendered":"https:\/\/elconspirador.com.mx\/?p=26666"},"modified":"2023-05-16T18:32:07","modified_gmt":"2023-05-17T00:32:07","slug":"queretaro-tercer-lugar-nacional-en-aprovechamiento-escolar","status":"publish","type":"post","link":"https:\/\/elconspirador.com.mx\/?p=26666","title":{"rendered":"QUER\u00c9TARO TERCER LUGAR NACIONAL EN APROVECHAMIENTO ESCOLAR"},"content":{"rendered":"<p class=\"s6\"><span class=\"s7\"><span class=\"bumpedFont15\">En Quer\u00e9taro <\/span><\/span><span class=\"s7\"><span class=\"bumpedFont15\">trabajamos juntos <\/span><\/span><span class=\"s7\"><span class=\"bumpedFont15\">para tener la mejor educaci\u00f3n del pa\u00eds, <\/span><\/span><span class=\"s7\"><span class=\"bumpedFont15\">afirm\u00f3 el gobernador, Mauricio Kuri Gonz\u00e1lez, <\/span><\/span><span class=\"s7\"><span class=\"bumpedFont15\">al <\/span><\/span><span class=\"s7\"><span class=\"bumpedFont15\">encabezar<\/span><\/span><span class=\"s7\"><span class=\"bumpedFont15\"> el ejercicio<\/span><\/span> <span class=\"s7\"><span class=\"bumpedFont15\">\u201cContigo<\/span><\/span><span class=\"s7\"><span class=\"bumpedFont15\"> Informamos\u201d<\/span><\/span><span class=\"s7\"><span class=\"bumpedFont15\">, en el cual<\/span><\/span><span class=\"s7\"><span class=\"bumpedFont15\">, la secretaria de Educaci\u00f3n, Martha Elena Soto Obreg\u00f3n, <\/span><\/span><span class=\"s7\"><span class=\"bumpedFont15\">present\u00f3 <\/span><\/span><span class=\"s7\"><span class=\"bumpedFont15\">ante los <\/span><\/span><span class=\"s7\"><span class=\"bumpedFont15\">medios de comunicaci\u00f3n <\/span><\/span><span class=\"s7\"><span class=\"bumpedFont15\">los principales logros<\/span><\/span> <span class=\"s7\"><span class=\"bumpedFont15\">y <\/span><\/span><span class=\"s7\"><span class=\"bumpedFont15\">acciones <\/span><\/span><span class=\"s7\"><span class=\"bumpedFont15\">de <\/span><\/span><span class=\"s7\"><span class=\"bumpedFont15\">la <\/span><\/span><span class=\"s7\"><span class=\"bumpedFont15\">dependencia<\/span><\/span><span class=\"s7\"><span class=\"bumpedFont15\"> que representa<\/span><\/span><span class=\"s7\"><span class=\"bumpedFont15\">,<\/span><\/span><span class=\"s7\"><span class=\"bumpedFont15\"> y que llevar\u00e1n<\/span><\/span><span class=\"s7\"><span class=\"bumpedFont15\"> a Quer\u00e9taro al siguiente nivel. <\/span><\/span><\/p>\n<p class=\"s6\"><span class=\"s15\"><span class=\"bumpedFont15\">Kuri<\/span><\/span> <span class=\"s15\"><span class=\"bumpedFont15\">Gonz\u00e1lez <\/span><\/span><span class=\"s15\"><span class=\"bumpedFont15\">record\u00f3 que tras la pandemia por COVID-19, <\/span><\/span><span class=\"s15\"><span class=\"bumpedFont15\">uno de los grandes retos <\/span><\/span><span class=\"s15\"><span class=\"bumpedFont15\">que enfrenta el<\/span><\/span><span class=\"s15\"><span class=\"bumpedFont15\"> pa\u00eds es la educaci\u00f3n, <\/span><\/span><span class=\"s15\"><span class=\"bumpedFont15\">y en este <\/span><\/span><span class=\"s15\"><span class=\"bumpedFont15\">marco asegur\u00f3 que en su administraci\u00f3n <\/span><\/span><span class=\"s15\"><span class=\"bumpedFont15\">se <\/span><\/span><span class=\"s15\"><span class=\"bumpedFont15\">trabaja coordinadamente con las <\/span><\/span><span class=\"s15\"><span class=\"bumpedFont15\">maestras, maestros<\/span><\/span><span class=\"s15\"><span class=\"bumpedFont15\"> y <\/span><\/span><span class=\"s15\"><span class=\"bumpedFont15\">padres de familia<\/span><\/span><span class=\"s15\"><span class=\"bumpedFont15\">, a fin de que las y los estudiantes tengan las mismas oportunidades de desarrollo y un mejor futuro. <\/span><\/span><\/p>\n<p class=\"s6\"><span class=\"s15\"><span class=\"bumpedFont15\">\u201cLa \u00fanica forma (\u2026) para poder tener m\u00e1s democracia, es en la medida que tengamos las mismas oportunidades. No me refiero a que todos seamos iguales, pero s\u00ed que todos tengamos las mismas oportunidades. En nuestras diferencias est\u00e1n nuestras competencias\u201d,<\/span><\/span><span class=\"s15\"><span class=\"bumpedFont15\"> apunt\u00f3. <\/span><\/span><\/p>\n<p class=\"s6\"><span class=\"s15\"><span class=\"bumpedFont15\">En su <\/span><\/span><span class=\"s15\"><span class=\"bumpedFont15\">intervenci\u00f3n, <\/span><\/span><span class=\"s15\"><span class=\"bumpedFont15\">Soto Obreg\u00f3n<\/span><\/span> <span class=\"s15\"><span class=\"bumpedFont15\">resalt\u00f3 que el estad<\/span><\/span><span class=\"s15\"><span class=\"bumpedFont15\">o<\/span><\/span><span class=\"s15\"><span class=\"bumpedFont15\"> es tercer lugar nacional de eficiencia del sistema educativo; <\/span><\/span><span class=\"s15\"><span class=\"bumpedFont15\">pues <\/span><\/span><span class=\"s15\"><span class=\"bumpedFont15\">por cada 100 estudiantes que inician su educaci\u00f3n primaria<\/span><\/span><span class=\"s15\"><span class=\"bumpedFont15\">, <\/span><\/span><span class=\"s15\"><span class=\"bumpedFont15\">42 concluyen la educaci\u00f3n superior, <\/span><\/span><span class=\"s15\"><span class=\"bumpedFont15\">mientras que el <\/span><\/span><span class=\"s15\"><span class=\"bumpedFont15\">promedio nacional <\/span><\/span><span class=\"s15\"><span class=\"bumpedFont15\">e<\/span><\/span><span class=\"s15\"><span class=\"bumpedFont15\">s de <\/span><\/span><span class=\"s15\"><span class=\"bumpedFont15\">26<\/span><\/span><span class=\"s15\"><span class=\"bumpedFont15\">. <\/span><\/span><\/p>\n<p class=\"s6\"><span class=\"s15\"><span class=\"bumpedFont15\">Record\u00f3 que <\/span><\/span><span class=\"s15\"><span class=\"bumpedFont15\">hasta<\/span><\/span><span class=\"s15\"><span class=\"bumpedFont15\"> octubre de 2021 <\/span><\/span><span class=\"s15\"><span class=\"bumpedFont15\">la mayor\u00eda de las escuelas se manten\u00edan cerradas por la pandemia<\/span><\/span><span class=\"s15\"><span class=\"bumpedFont15\">,<\/span><\/span><span class=\"s15\"><span class=\"bumpedFont15\"> pero gracias al esfuerzo de la administraci\u00f3n estatal se <\/span><\/span><span class=\"s15\"><span class=\"bumpedFont15\">rehabilitaron instituciones<\/span><\/span><span class=\"s15\"><span class=\"bumpedFont15\">, se aplicaron vacunas<\/span><\/span><span class=\"s15\"><span class=\"bumpedFont15\">, as\u00ed como <\/span><\/span><span class=\"s15\"><span class=\"bumpedFont15\">protocolos <\/span><\/span><span class=\"s15\"><span class=\"bumpedFont15\">de prevenci\u00f3n de COVID-19 que permitieron <\/span><\/span><span class=\"s15\"><span class=\"bumpedFont15\">el regreso total a las aulas. <\/span><\/span><\/p>\n<p class=\"s6\"><span class=\"s15\"><span class=\"bumpedFont15\">Detall\u00f3 <\/span><\/span><span class=\"s15\"><span class=\"bumpedFont15\">que en infraestructura educativa <\/span><\/span><span class=\"s15\"><span class=\"bumpedFont15\">se<\/span><\/span><span class=\"s15\"><span class=\"bumpedFont15\"> han intervenido los 18 municipios del <\/span><\/span><span class=\"s15\"><span class=\"bumpedFont15\">estado, <\/span><\/span><span class=\"s15\"><span class=\"bumpedFont15\">realizando m\u00e1s de <\/span><\/span><span class=\"s15\"><span class=\"bumpedFont15\">mil <\/span><\/span><span class=\"s15\"><span class=\"bumpedFont15\">600 acciones en trabajos de c<\/span><\/span><span class=\"s15\"><span class=\"bumpedFont15\">onstrucci\u00f3n y rehabilitaci\u00f3n<\/span><\/span><span class=\"s15\"><span class=\"bumpedFont15\"> con una inversi\u00f3n de m\u00e1s de 620<\/span><\/span><span class=\"s15\"><span class=\"bumpedFont15\"> millones de pesos<\/span><\/span><span class=\"s15\"><span class=\"bumpedFont15\">. <\/span><\/span><\/p>\n<p class=\"s6\"><span class=\"s15\"><span class=\"bumpedFont15\">Entre los logros de la Secretar\u00eda, ponder\u00f3 <\/span><\/span><span class=\"s15\"><span class=\"bumpedFont15\">que el estado es el \u00fanico en el pa\u00eds con Escuelas de Tiempo Completo<\/span><\/span><span class=\"s15\"><span class=\"bumpedFont15\"> en las que se fortalece <\/span><\/span><span class=\"s15\"><span class=\"bumpedFont15\">la calidad de los aprendizajes, <\/span><\/span><span class=\"s15\"><span class=\"bumpedFont15\">se acerca la ciencia<\/span><\/span><span class=\"s15\"><span class=\"bumpedFont15\">, se <\/span><\/span><span class=\"s15\"><span class=\"bumpedFont15\">mejora la convivencia escolar<\/span><\/span><span class=\"s15\"><span class=\"bumpedFont15\"> y <\/span><\/span><span class=\"s15\"><span class=\"bumpedFont15\">se <\/span><\/span><span class=\"s15\"><span class=\"bumpedFont15\">brinda<\/span><\/span> <span class=\"s15\"><span class=\"bumpedFont15\">servicio de alimentaci\u00f3n a 104<\/span><\/span> <span class=\"s15\"><span class=\"bumpedFont15\">escuelas en beneficio de estudiantes<\/span><\/span><span class=\"s15\"><span class=\"bumpedFont15\">con alto \u00edndice de pobreza y marginaci\u00f3n.<\/span><\/span><\/p>\n<p class=\"s6\"><span class=\"s15\"><span class=\"bumpedFont15\">\u201c<\/span><\/span><span class=\"s15\"><span class=\"bumpedFont15\">Somos el \u00fanico estado que <\/span><\/span><span class=\"s15\"><span class=\"bumpedFont15\">mantiene las <\/span><\/span><span class=\"s15\"><span class=\"bumpedFont15\">E<\/span><\/span><span class=\"s15\"><span class=\"bumpedFont15\">scuelas de <\/span><\/span><span class=\"s15\"><span class=\"bumpedFont15\">T<\/span><\/span><span class=\"s15\"><span class=\"bumpedFont15\">iempo <\/span><\/span><span class=\"s15\"><span class=\"bumpedFont15\">C<\/span><\/span><span class=\"s15\"><span class=\"bumpedFont15\">ompleto como se iniciaron<\/span><\/span><span class=\"s15\"><span class=\"bumpedFont15\">. Hay algunos <\/span><\/span><span class=\"s15\"><span class=\"bumpedFont15\">esfuerzos en algunos estados, pero no tienen la cobertura <\/span><\/span><span class=\"s15\"><span class=\"bumpedFont15\">del programa como lo tiene Quer\u00e9taro\u201d, precis\u00f3. <\/span><\/span><\/p>\n<p class=\"s6\"><span class=\"s15\"><span class=\"bumpedFont15\">Record\u00f3 que <\/span><\/span><span class=\"s15\"><span class=\"bumpedFont15\">cerca de 400 mil <\/span><\/span><span class=\"s15\"><span class=\"bumpedFont15\">alumnas y alumnos<\/span><\/span><span class=\"s15\"><span class=\"bumpedFont15\">obtuvieron apoyos de \u00fatiles escolares<\/span><\/span><span class=\"s15\"><span class=\"bumpedFont15\">. A <\/span><\/span><span class=\"s15\"><span class=\"bumpedFont15\">trav\u00e9s de programa \u201cAy\u00fadame a Llegar\u201d s<\/span><\/span><span class=\"s15\"><span class=\"bumpedFont15\">e benefici\u00f3 a estudiantes de <\/span><\/span><span class=\"s15\"><span class=\"bumpedFont15\">Amealco<\/span><\/span><span class=\"s15\"><span class=\"bumpedFont15\">, Cadereyta y <\/span><\/span><span class=\"s15\"><span class=\"bumpedFont15\">Tolim\u00e1<\/span><\/span><span class=\"s15\"><span class=\"bumpedFont15\">n<\/span><\/span><span class=\"s15\"><span class=\"bumpedFont15\">, quienes<\/span><\/span><span class=\"s15\"><span class=\"bumpedFont15\"> con<\/span><\/span><span class=\"s15\"><span class=\"bumpedFont15\"> bicicletas<\/span><\/span> <span class=\"s15\"><span class=\"bumpedFont15\">pueden<\/span><\/span><span class=\"s15\"><span class=\"bumpedFont15\">trasladarse a sus hogares y espacios de estudio<\/span><\/span><span class=\"s15\"><span class=\"bumpedFont15\">; asimismo, se otorgaron <\/span><\/span><span class=\"s15\"><span class=\"bumpedFont15\">herramientas tecnol\u00f3gicas en el nivel de educaci\u00f3n media superio<\/span><\/span><span class=\"s15\"><span class=\"bumpedFont15\">r<\/span><\/span><span class=\"s15\"><span class=\"bumpedFont15\">, <\/span><\/span><span class=\"s15\"><span class=\"bumpedFont15\">y <\/span><\/span><span class=\"s15\"><span class=\"bumpedFont15\">becas <\/span><\/span><span class=\"s15\"><span class=\"bumpedFont15\">a <\/span><\/span><span class=\"s15\"><span class=\"bumpedFont15\">elementos e hijos de corporaciones en materia de seguridad<\/span><\/span><span class=\"s15\"><span class=\"bumpedFont15\">,<\/span><\/span> <span class=\"s15\"><span class=\"bumpedFont15\">as\u00ed como a <\/span><\/span><span class=\"s15\"><span class=\"bumpedFont15\">talentos deportivos <\/span><\/span><span class=\"s15\"><span class=\"bumpedFont15\">y culturales<\/span><\/span><span class=\"s15\"><span class=\"bumpedFont15\">. <\/span><\/span><\/p>\n<p class=\"s6\"><span class=\"s15\"><span class=\"bumpedFont15\">En educaci\u00f3n superior subray\u00f3 <\/span><\/span><span class=\"s15\"><span class=\"bumpedFont15\">el compromiso del <\/span><\/span><span class=\"s15\"><span class=\"bumpedFont15\">g<\/span><\/span><span class=\"s15\"><span class=\"bumpedFont15\">obierno <\/span><\/span><span class=\"s15\"><span class=\"bumpedFont15\">estatal <\/span><\/span><span class=\"s15\"><span class=\"bumpedFont15\">por el desarrollo universitario con<\/span><\/span><span class=\"s15\"><span class=\"bumpedFont15\"> el<\/span><\/span> <span class=\"s15\"><span class=\"bumpedFont15\">increment<\/span><\/span><span class=\"s15\"><span class=\"bumpedFont15\">o por <\/span><\/span><span class=\"s15\"><span class=\"bumpedFont15\">segundo a\u00f1<\/span><\/span><span class=\"s15\"><span class=\"bumpedFont15\">o consecutivo<\/span><\/span> <span class=\"s15\"><span class=\"bumpedFont15\">del<\/span><\/span><span class=\"s15\"><span class=\"bumpedFont15\"> 13<\/span><\/span><span class=\"s15\"><span class=\"bumpedFont15\"> por ciento <\/span><\/span><span class=\"s15\"><span class=\"bumpedFont15\">al<\/span><\/span><span class=\"s15\"><span class=\"bumpedFont15\"> presupuesto de la Universidad Aut\u00f3noma de Quer\u00e9taro (UAQ) y <\/span><\/span><span class=\"s15\"><span class=\"bumpedFont15\">ocho<\/span><\/span><span class=\"s15\"><span class=\"bumpedFont15\"> por ciento <\/span><\/span><span class=\"s15\"><span class=\"bumpedFont15\">a las Universidades Tecnol\u00f3gicas y<\/span><\/span><span class=\"s15\"><span class=\"bumpedFont15\"> Polit\u00e9cnicas, porcentajes por <\/span><\/span><span class=\"s15\"><span class=\"bumpedFont15\">encima de las participaciones federales.<\/span><\/span><\/p>\n<p class=\"s6\"><span class=\"s15\"><span class=\"bumpedFont15\">La funcionaria estatal <\/span><\/span><span class=\"s15\"><span class=\"bumpedFont15\">enmarc\u00f3 acciones a favor de la <\/span><\/span><span class=\"s15\"><span class=\"bumpedFont15\">salud emocional, <\/span><\/span><span class=\"s15\"><span class=\"bumpedFont15\">educaci\u00f3n <\/span><\/span><span class=\"s15\"><span class=\"bumpedFont15\">inclusiva<\/span><\/span><span class=\"s15\"><span class=\"bumpedFont15\">, <\/span><\/span><span class=\"s15\"><span class=\"bumpedFont15\">evaluaciones en todos los niveles educativos, <\/span><\/span><span class=\"s15\"><span class=\"bumpedFont15\">l<\/span><\/span><span class=\"s15\"><span class=\"bumpedFont15\">os esfuerzos para impulsar el ingl\u00e9s como segundo idioma en las escuelas, <\/span><\/span><span class=\"s15\"><span class=\"bumpedFont15\">la movilidad <\/span><\/span><span class=\"s15\"><span class=\"bumpedFont15\">para e<\/span><\/span><span class=\"s15\"><span class=\"bumpedFont15\">l desarrollo integral <\/span><\/span><span class=\"s15\"><span class=\"bumpedFont15\">de <\/span><\/span><span class=\"s15\"><span class=\"bumpedFont15\">estudiantes, <\/span><\/span><span class=\"s15\"><span class=\"bumpedFont15\">docentes e investigadores<\/span><\/span><span class=\"s15\"><span class=\"bumpedFont15\">, <\/span><\/span><span class=\"s15\"><span class=\"bumpedFont15\">as\u00ed como el <\/span><\/span><span class=\"s15\"><span class=\"bumpedFont15\">acompa\u00f1amiento <\/span><\/span><span class=\"s15\"><span class=\"bumpedFont15\">para que m\u00e1s personas concluyan <\/span><\/span><span class=\"s15\"><span class=\"bumpedFont15\">el <\/span><\/span><span class=\"s15\"><span class=\"bumpedFont15\">bachillerato<\/span><\/span><span class=\"s15\"><span class=\"bumpedFont15\"> y contin\u00faen con sus estudios.<\/span><\/span><\/p>\n","protected":false},"excerpt":{"rendered":"<p>En Quer\u00e9taro trabajamos juntos para tener la mejor educaci\u00f3n del pa\u00eds, afirm\u00f3 el gobernador, Mauricio Kuri Gonz\u00e1lez, al encabezar el ejercicio \u201cContigo Informamos\u201d, en el cual, la secretaria de Educaci\u00f3n, Martha Elena Soto Obreg\u00f3n, present\u00f3 ante los medios de comunicaci\u00f3n los principales logros y acciones de la dependencia que representa, y que llevar\u00e1n a Quer\u00e9taro al siguiente nivel. Kuri Gonz\u00e1lez<\/p>\n<div class=\"h10\"><\/div>\n<p><a class=\"more-link2 flat\" href=\"https:\/\/elconspirador.com.mx\/?p=26666\">Leer m\u00e1s<\/a><\/p>\n","protected":false},"author":1,"featured_media":26667,"comment_status":"open","ping_status":"open","sticky":false,"template":"","format":"standard","meta":{"om_disable_all_campaigns":false,"_uf_show_specific_survey":0,"_uf_disable_surveys":false},"categories":[1],"tags":[],"aioseo_notices":[],"_links":{"self":[{"href":"https:\/\/elconspirador.com.mx\/index.php?rest_route=\/wp\/v2\/posts\/26666"}],"collection":[{"href":"https:\/\/elconspirador.com.mx\/index.php?rest_route=\/wp\/v2\/posts"}],"about":[{"href":"https:\/\/elconspirador.com.mx\/index.php?rest_route=\/wp\/v2\/types\/post"}],"author":[{"embeddable":true,"href":"https:\/\/elconspirador.com.mx\/index.php?rest_route=\/wp\/v2\/users\/1"}],"replies":[{"embeddable":true,"href":"https:\/\/elconspirador.com.mx\/index.php?rest_route=%2Fwp%2Fv2%2Fcomments&post=26666"}],"version-history":[{"count":2,"href":"https:\/\/elconspirador.com.mx\/index.php?rest_route=\/wp\/v2\/posts\/26666\/revisions"}],"predecessor-version":[{"id":26683,"href":"https:\/\/elconspirador.com.mx\/index.php?rest_route=\/wp\/v2\/posts\/26666\/revisions\/26683"}],"wp:featuredmedia":[{"embeddable":true,"href":"https:\/\/elconspirador.com.mx\/index.php?rest_route=\/wp\/v2\/media\/26667"}],"wp:attachment":[{"href":"https:\/\/elconspirador.com.mx\/index.php?rest_route=%2Fwp%2Fv2%2Fmedia&parent=26666"}],"wp:term":[{"taxonomy":"category","embeddable":true,"href":"https:\/\/elconspirador.com.mx\/index.php?rest_route=%2Fwp%2Fv2%2Fcategories&post=26666"},{"taxonomy":"post_tag","embeddable":true,"href":"https:\/\/elconspirador.com.mx\/index.php?rest_route=%2Fwp%2Fv2%2Ftags&post=26666"}],"curies":[{"name":"wp","href":"https:\/\/api.w.org\/{rel}","templated":true}]}}