{"id":26669,"date":"2023-05-16T23:24:31","date_gmt":"2023-05-17T05:24:31","guid":{"rendered":"https:\/\/elconspirador.com.mx\/?p=26669"},"modified":"2023-05-16T17:18:03","modified_gmt":"2023-05-16T23:18:03","slug":"migrantes-deben-ser-detenidos-desde-la-frontera-sur","status":"publish","type":"post","link":"https:\/\/elconspirador.com.mx\/?p=26669","title":{"rendered":"MIGRANTES DEBEN SER DETENIDOS DESDE LA FRONTERA SUR"},"content":{"rendered":"<p>De acuerdo con el gobernador del estado, Mauricio Kuri Gonz\u00e1lez, los migrantes deben ser detenidos desde la frontera sur del pa\u00eds para evitar problemas a los estados.<\/p>\n<p>Se dijo preocupado por la situaci\u00f3n migratoria, pues se desconoce qui\u00e9nes son las personas que atraviesan por la entidad, aunado al incremento de migrantes en los \u00faltimos d\u00edas.<\/p>\n<p>&#8220;Es muy preocupante que se est\u00e9n quedando en suelo queretano estas personas, porque no sabemos a qu\u00e9 vienen, de d\u00f3nde vienen y porqu\u00e9 vienen&#8221;.<\/p>\n<p>Asimismo, la Secretaria de Gobierno, Guadalupe Murgu\u00eda Guti\u00e9rrez, se\u00f1al\u00f3 que el Instituto Nacional de Migraci\u00f3n enviar\u00e1 a estas personas a las estancias de Guanajuato y Ciudad de M\u00e9xico.<\/p>\n<p>&#8220;Seg\u00fan me refiere el delegado del Instituto Nacional de Migraci\u00f3n es que las caravanas o los grupos de vengan del sur, en tr\u00e1nsito a los Estados Unidos, ser\u00e1n colocados en la estaci\u00f3n migratoria que est\u00e1 en la Ciudad de M\u00e9xico y otra en Guanajuato&#8221;.<\/p>\n<p>Sin embargo, tambi\u00e9n manifest\u00f3 su preocupaci\u00f3n ante la dispersi\u00f3n de los migrantes, esto debido al cierre de la estaci\u00f3n migratoria de Quer\u00e9taro.<\/p>\n<p>&#8220;Se convierte en un problema estatal ante la dispersi\u00f3n y s\u00ed tenemos que estar atentos y en absoluta comunicaci\u00f3n con el Instituto Nacional de Migraci\u00f3n para poder identificar aquellos grupos que transiten, para que encuentren espacio de albergue en Guanajuato o en la Ciudad de M\u00e9xico&#8221;.<\/p>\n","protected":false},"excerpt":{"rendered":"<p>De acuerdo con el gobernador del estado, Mauricio Kuri Gonz\u00e1lez, los migrantes deben ser detenidos desde la frontera sur del pa\u00eds para evitar problemas a los estados. Se dijo preocupado por la situaci\u00f3n migratoria, pues se desconoce qui\u00e9nes son las personas que atraviesan por la entidad, aunado al incremento de migrantes en los \u00faltimos d\u00edas. &#8220;Es muy preocupante que se<\/p>\n<div class=\"h10\"><\/div>\n<p><a class=\"more-link2 flat\" href=\"https:\/\/elconspirador.com.mx\/?p=26669\">Leer m\u00e1s<\/a><\/p>\n","protected":false},"author":1,"featured_media":26670,"comment_status":"open","ping_status":"open","sticky":false,"template":"","format":"standard","meta":{"om_disable_all_campaigns":false,"_uf_show_specific_survey":0,"_uf_disable_surveys":false},"categories":[1,69,68],"tags":[],"aioseo_notices":[],"_links":{"self":[{"href":"https:\/\/elconspirador.com.mx\/index.php?rest_route=\/wp\/v2\/posts\/26669"}],"collection":[{"href":"https:\/\/elconspirador.com.mx\/index.php?rest_route=\/wp\/v2\/posts"}],"about":[{"href":"https:\/\/elconspirador.com.mx\/index.php?rest_route=\/wp\/v2\/types\/post"}],"author":[{"embeddable":true,"href":"https:\/\/elconspirador.com.mx\/index.php?rest_route=\/wp\/v2\/users\/1"}],"replies":[{"embeddable":true,"href":"https:\/\/elconspirador.com.mx\/index.php?rest_route=%2Fwp%2Fv2%2Fcomments&post=26669"}],"version-history":[{"count":1,"href":"https:\/\/elconspirador.com.mx\/index.php?rest_route=\/wp\/v2\/posts\/26669\/revisions"}],"predecessor-version":[{"id":26671,"href":"https:\/\/elconspirador.com.mx\/index.php?rest_route=\/wp\/v2\/posts\/26669\/revisions\/26671"}],"wp:featuredmedia":[{"embeddable":true,"href":"https:\/\/elconspirador.com.mx\/index.php?rest_route=\/wp\/v2\/media\/26670"}],"wp:attachment":[{"href":"https:\/\/elconspirador.com.mx\/index.php?rest_route=%2Fwp%2Fv2%2Fmedia&parent=26669"}],"wp:term":[{"taxonomy":"category","embeddable":true,"href":"https:\/\/elconspirador.com.mx\/index.php?rest_route=%2Fwp%2Fv2%2Fcategories&post=26669"},{"taxonomy":"post_tag","embeddable":true,"href":"https:\/\/elconspirador.com.mx\/index.php?rest_route=%2Fwp%2Fv2%2Ftags&post=26669"}],"curies":[{"name":"wp","href":"https:\/\/api.w.org\/{rel}","templated":true}]}}