{"id":26684,"date":"2023-05-16T20:39:57","date_gmt":"2023-05-17T02:39:57","guid":{"rendered":"https:\/\/elconspirador.com.mx\/?p=26684"},"modified":"2023-05-16T20:39:57","modified_gmt":"2023-05-17T02:39:57","slug":"sosa-realiza-homenaje-postumo-a-daniel-valencia","status":"publish","type":"post","link":"https:\/\/elconspirador.com.mx\/?p=26684","title":{"rendered":"SOSA REALIZA HOMENAJE P\u00d3STUMO A DANIEL VALENCIA"},"content":{"rendered":"<p>El Municipio de Corregidora rindi\u00f3 Homenaje P\u00f3stumo al arque\u00f3logo Daniel Valencia Cruz, fallecido el pasado 23 de abril, a quien se le reconoci\u00f3 su trayectoria, as\u00ed como su entrega y pasi\u00f3n por destacar y preservar la riqueza hist\u00f3rica de la Zona Arqueol\u00f3gica \u201cEl Cerrito\u201d. Como parte de este reconocimiento, fue develada una placa en el Museo del Sitio, en honor al arque\u00f3logo.<\/p>\n<p>El alcalde Roberto Sosa Pichardo encabez\u00f3 el homenaje, en donde estuvieron presentes Alicia Bocanegra y Daniel Valencia Bocanegra, viuda e hijo del arque\u00f3logo, as\u00ed como su sobrina Karla Bocanegra.<\/p>\n<p>El responsable del gobierno municipal se refiri\u00f3 a Daniel Valencia Cruz como su amigo, quien \u2013dijo- seguramente contin\u00faa en un lugar que fue tan especial para \u00e9l, como lo es la zona arqueol\u00f3gica y en la que trabaj\u00f3 incansablemente para regalar a la humanidad los vestigios de las grandes culturas prehisp\u00e1nicas que son las ra\u00edces de este pa\u00eds.<\/p>\n<p>\u201cHoy vamos a seguir honrando su trabajo, su obra, su vida; en todo lo que \u00e9l dej\u00f3. Hay muchas cosas por hacer, seguiremos empujando fuertemente a seguir construyendo el gran proyecto tur\u00edstico que yo le platicaba alg\u00fan d\u00eda. Le digo: \u2018Dany, yo tengo un sue\u00f1o y ese sue\u00f1o es que no haya una persona, desde Tijuana hasta Canc\u00fan, que no conozca y que no visite este lugar\u2019. Me dijo: \u2018Lo vamos a lograr, presidente\u2019. Entonces, \u00e9l desde donde est\u00e1 lo vamos a seguir trabajando, va a seguir feliz de lo que estamos haciendo\u201d, destac\u00f3 el edil, quien dio a conocer que el museo tendr\u00e1 el nombre del reconocido arque\u00f3logo.<\/p>\n<p>Para concluir su discurso, el presidente municipal agradeci\u00f3 nuevamente el haber conocido a persona tan especial, quien le brind\u00f3 su apoyo y que estar\u00e1 presente en cada atardecer que resalta la majestuosidad del importante espacio arqueol\u00f3gico.<\/p>\n<p>En la ceremonia estuvo presente Diego Prieto Hern\u00e1ndez, director general del Instituto Nacional de Antropolog\u00eda e Historia (INAH), manifest\u00f3 lo significativo que representa el honrar la vida, la obra, la trayectoria y el trabajo de quien \u2013dijo- fue un gran arque\u00f3logo; un buen amigo; de un hombre dedicado a su trabajo para el estudio, el cuidado, la salvaguardia, la difusi\u00f3n y la valoraci\u00f3n p\u00fablica del patrimonio arqueol\u00f3gico e hist\u00f3rico de M\u00e9xico.<\/p>\n<p>\u201cEstamos aqu\u00ed, tambi\u00e9n, por supuesto, lamentando su partida, el inicio de su viaje al Mictl\u00e1n, donde esperemos tambi\u00e9n \u2013como en otras cosas- nos vaya mostrando el camino y descubriendo estructuras y sorpresas. Tambi\u00e9n estamos para celebrar su 64 aniversario. \u00c9l estar\u00eda o est\u00e1 cumpliendo 64 a\u00f1os, si consideramos que, aunque ya no est\u00e1 aqu\u00ed con nosotros, no se ha muerto en la medida de que hay quien lo recuerda\u201d, se\u00f1al\u00f3.<\/p>\n<p>Agreg\u00f3 que su trabajo qued\u00f3 plasmado en sus ense\u00f1anzas que aport\u00f3 a j\u00f3venes arque\u00f3logos, as\u00ed como en su obra escrita y en los monumentos arqueol\u00f3gicos que pudo estudiar, recuperar y poner a la disposici\u00f3n y al disfrute de la sociedad, como lo es la Zona Arqueol\u00f3gica \u201cEl Cerrito\u201d.<\/p>\n<p>\u201cEsta pir\u00e1mide de \u2018El Cerrito\u2019, cuya recuperaci\u00f3n, cuya posibilidad de que la gente de Quer\u00e9taro, de M\u00e9xico y del mundo, la aprecie, radica en gran medida en el trabajo de Daniel Valencia\u201d, refiri\u00f3.<\/p>\n<p>Karla Bocanegra expres\u00f3 su agradecimiento a las autoridades municipales, as\u00ed como al antrop\u00f3logo Diego Prieto Hern\u00e1ndez, por la ceremonia de honor realizada a quien fuera esposo, padre y arque\u00f3logo, dejando un gran legado de reconocimiento palpable e incuantificable.<\/p>\n<p>\u201cEl doctor Daniel Valencia dej\u00f3 un legado de reconocimiento palpable y dif\u00edcilmente cuantificable en cada uno de los cuatro rumbos de este santuario, permiti\u00e9ndonos conocer de una manera cercana la cosmovisi\u00f3n de nuestros ancestros toltecas. Como arque\u00f3logo e investigador se caracteriz\u00f3 por ser apasionado de su trabajo. Disfrutaba, como nadie, lo que hac\u00eda\u201d, subray\u00f3.<\/p>\n<p>Finalmente, record\u00f3 que fue un gran protector del patrimonio arqueol\u00f3gico cultural e hist\u00f3rico del estado de Quer\u00e9taro y de la Naci\u00f3n, y su amor por M\u00e9xico se ve reflejado en a\u00f1os de trabajo, en la dignificaci\u00f3n y difusi\u00f3n de la Zona Arqueol\u00f3gica \u201cEl Cerrito\u201d.<\/p>\n<p>Como parte de este homenaje, y con la presencia de funcionarios de los tres niveles de gobierno, fue develada una placa dedicada al arque\u00f3logo que ha trascendido y ahora es parte de la historia en la que trabaj\u00f3 para darla a conocer no s\u00f3lo al municipio y al estado, sino tambi\u00e9n al mundo.<\/p>\n","protected":false},"excerpt":{"rendered":"<p>El Municipio de Corregidora rindi\u00f3 Homenaje P\u00f3stumo al arque\u00f3logo Daniel Valencia Cruz, fallecido el pasado 23 de abril, a quien se le reconoci\u00f3 su trayectoria, as\u00ed como su entrega y pasi\u00f3n por destacar y preservar la riqueza hist\u00f3rica de la Zona Arqueol\u00f3gica \u201cEl Cerrito\u201d. Como parte de este reconocimiento, fue develada una placa en el Museo del Sitio, en honor<\/p>\n<div class=\"h10\"><\/div>\n<p><a class=\"more-link2 flat\" href=\"https:\/\/elconspirador.com.mx\/?p=26684\">Leer m\u00e1s<\/a><\/p>\n","protected":false},"author":1,"featured_media":26685,"comment_status":"open","ping_status":"open","sticky":false,"template":"","format":"standard","meta":{"om_disable_all_campaigns":false,"_uf_show_specific_survey":0,"_uf_disable_surveys":false},"categories":[1],"tags":[],"aioseo_notices":[],"_links":{"self":[{"href":"https:\/\/elconspirador.com.mx\/index.php?rest_route=\/wp\/v2\/posts\/26684"}],"collection":[{"href":"https:\/\/elconspirador.com.mx\/index.php?rest_route=\/wp\/v2\/posts"}],"about":[{"href":"https:\/\/elconspirador.com.mx\/index.php?rest_route=\/wp\/v2\/types\/post"}],"author":[{"embeddable":true,"href":"https:\/\/elconspirador.com.mx\/index.php?rest_route=\/wp\/v2\/users\/1"}],"replies":[{"embeddable":true,"href":"https:\/\/elconspirador.com.mx\/index.php?rest_route=%2Fwp%2Fv2%2Fcomments&post=26684"}],"version-history":[{"count":1,"href":"https:\/\/elconspirador.com.mx\/index.php?rest_route=\/wp\/v2\/posts\/26684\/revisions"}],"predecessor-version":[{"id":26686,"href":"https:\/\/elconspirador.com.mx\/index.php?rest_route=\/wp\/v2\/posts\/26684\/revisions\/26686"}],"wp:featuredmedia":[{"embeddable":true,"href":"https:\/\/elconspirador.com.mx\/index.php?rest_route=\/wp\/v2\/media\/26685"}],"wp:attachment":[{"href":"https:\/\/elconspirador.com.mx\/index.php?rest_route=%2Fwp%2Fv2%2Fmedia&parent=26684"}],"wp:term":[{"taxonomy":"category","embeddable":true,"href":"https:\/\/elconspirador.com.mx\/index.php?rest_route=%2Fwp%2Fv2%2Fcategories&post=26684"},{"taxonomy":"post_tag","embeddable":true,"href":"https:\/\/elconspirador.com.mx\/index.php?rest_route=%2Fwp%2Fv2%2Ftags&post=26684"}],"curies":[{"name":"wp","href":"https:\/\/api.w.org\/{rel}","templated":true}]}}