{"id":26687,"date":"2023-05-16T21:37:19","date_gmt":"2023-05-17T03:37:19","guid":{"rendered":"https:\/\/elconspirador.com.mx\/?p=26687"},"modified":"2023-05-16T21:37:19","modified_gmt":"2023-05-17T03:37:19","slug":"kuri-abandera-seleccion-queretana","status":"publish","type":"post","link":"https:\/\/elconspirador.com.mx\/?p=26687","title":{"rendered":"KURI ABANDERA SELECCI\u00d3N QUERETANA"},"content":{"rendered":"<p class=\"s6\"><span class=\"s7\"><span class=\"bumpedFont15\">El gobernador, Mauricio Kuri Gonz\u00e1lez, encabez\u00f3 la ceremonia de abanderamiento de la selecci\u00f3n queretana que participar\u00e1 en los Nacionales CONADE 2023, e invit\u00f3 a la delegaci\u00f3n compuesta por 600 atletas, 130 entrenadores y 33 delegados, a entregarlo todo en las competencias que se realizar\u00e1n entre el 20 de mayo y el 25 de julio pr\u00f3ximos en cinco entidades.<\/span><\/span><\/p>\n<p class=\"s6\">\n<p class=\"s6\"><span class=\"s7\"><span class=\"bumpedFont15\">Durante este acto, Kuri Gonz\u00e1lez asegur\u00f3 que son parte de lo mejor de Quer\u00e9taro, y por lo tanto, dijo, son lo mejor de M\u00e9xico, por lo que les pidi\u00f3 recordar que detr\u00e1s del esfuerzo que llevar\u00e1n a las competencias, est\u00e1 el respaldo de su familia, amigos y el apoyo de dos millones y medio de queretanas y queretanos.<\/span><\/span><\/p>\n<p class=\"s6\">\n<p class=\"s6\"><span class=\"s7\"><span class=\"bumpedFont15\">\u201cV\u00e1yanse con la responsabilidad de que van de parte de Quer\u00e9taro, y los queretanos somos entrones, los queretanos le echamos para adelante, y los queretanos somos ganadores, y nunca nos ponemos un techo\u201d, comparti\u00f3. <\/span><\/span><\/p>\n<p class=\"s6\">\n<p class=\"s6\"><span class=\"s15\"><span class=\"bumpedFont15\">La directora del Instituto del Deporte y la Recreaci\u00f3n del Estado de Quer\u00e9taro (INDEREQ), Iridia Salazar Blanco, destac\u00f3 que este abanderamiento muestra el respaldo del Gobernador hacia los atletas, a quienes se les brinda un acompa\u00f1amiento cercano en sus procesos. Al mismo tiempo exhort\u00f3 a los atletas a dar lo mejor, defender sus sue\u00f1os, y tener presente que no hay nada m\u00e1s poderoso que la confianza en ellos mismos.<\/span><\/span><\/p>\n<p class=\"s6\">\n<p class=\"s6\"><span class=\"s15\"><span class=\"bumpedFont15\">\u201cSabemos que un atleta es sin\u00f3nimo de preparaci\u00f3n, energ\u00eda, fuerza, disciplina y sobre todo una mentalidad ganadora. Un atleta, es referente de trabajo orgullo, es un ejemplo fuera y dentro de las competencias; <\/span><\/span><span class=\"s15\"><span class=\"bumpedFont15\">u<\/span><\/span><span class=\"s15\"><span class=\"bumpedFont15\">n atleta de Quer\u00e9taro compite con honor, pasi\u00f3n, valent\u00eda y honestidad\u201d, reconoci\u00f3. <\/span><\/span><\/p>\n<p class=\"s6\">\n<p class=\"s6\"><span class=\"s15\"><span class=\"bumpedFont15\">La competidora de tiro con arco, Paola Saucedo Centeno, expres\u00f3 el compromiso de las y los deportistas de cumplir las reglas, rechazar el enga\u00f1o, reconocer la derrota, y celebrar la victoria con respeto a los oponentes.<\/span><\/span><\/p>\n<p class=\"s6\">\n<p class=\"s6\"><span class=\"s15\"><span class=\"bumpedFont15\">En representaci\u00f3n de las y los entrenadores, Andr\u00e9i Ram\u00edrez Linares, asegur\u00f3 que la delegaci\u00f3n queretana acude a los Nacionales CONADE con el compromiso de representar a Quer\u00e9taro, su deporte y su sociedad, as\u00ed como con la convicci\u00f3n de formar a los mejores atletas e individuos dentro de la integraci\u00f3n para una gran sociedad.<\/span><\/span><\/p>\n<p class=\"s6\">\n<p class=\"s6\"><span class=\"s15\"><span class=\"bumpedFont15\">Durante este evento se guard\u00f3 un minuto de silencio por el sensible fallecimiento de Carlos Vaca, representante de la disciplina de tiro con arco.<\/span><\/span><\/p>\n<p class=\"s6\">\n","protected":false},"excerpt":{"rendered":"<p>El gobernador, Mauricio Kuri Gonz\u00e1lez, encabez\u00f3 la ceremonia de abanderamiento de la selecci\u00f3n queretana que participar\u00e1 en los Nacionales CONADE 2023, e invit\u00f3 a la delegaci\u00f3n compuesta por 600 atletas, 130 entrenadores y 33 delegados, a entregarlo todo en las competencias que se realizar\u00e1n entre el 20 de mayo y el 25 de julio pr\u00f3ximos en cinco entidades. Durante este<\/p>\n<div class=\"h10\"><\/div>\n<p><a class=\"more-link2 flat\" href=\"https:\/\/elconspirador.com.mx\/?p=26687\">Leer m\u00e1s<\/a><\/p>\n","protected":false},"author":1,"featured_media":26688,"comment_status":"open","ping_status":"open","sticky":false,"template":"","format":"standard","meta":{"om_disable_all_campaigns":false,"_uf_show_specific_survey":0,"_uf_disable_surveys":false},"categories":[70],"tags":[],"aioseo_notices":[],"_links":{"self":[{"href":"https:\/\/elconspirador.com.mx\/index.php?rest_route=\/wp\/v2\/posts\/26687"}],"collection":[{"href":"https:\/\/elconspirador.com.mx\/index.php?rest_route=\/wp\/v2\/posts"}],"about":[{"href":"https:\/\/elconspirador.com.mx\/index.php?rest_route=\/wp\/v2\/types\/post"}],"author":[{"embeddable":true,"href":"https:\/\/elconspirador.com.mx\/index.php?rest_route=\/wp\/v2\/users\/1"}],"replies":[{"embeddable":true,"href":"https:\/\/elconspirador.com.mx\/index.php?rest_route=%2Fwp%2Fv2%2Fcomments&post=26687"}],"version-history":[{"count":1,"href":"https:\/\/elconspirador.com.mx\/index.php?rest_route=\/wp\/v2\/posts\/26687\/revisions"}],"predecessor-version":[{"id":26689,"href":"https:\/\/elconspirador.com.mx\/index.php?rest_route=\/wp\/v2\/posts\/26687\/revisions\/26689"}],"wp:featuredmedia":[{"embeddable":true,"href":"https:\/\/elconspirador.com.mx\/index.php?rest_route=\/wp\/v2\/media\/26688"}],"wp:attachment":[{"href":"https:\/\/elconspirador.com.mx\/index.php?rest_route=%2Fwp%2Fv2%2Fmedia&parent=26687"}],"wp:term":[{"taxonomy":"category","embeddable":true,"href":"https:\/\/elconspirador.com.mx\/index.php?rest_route=%2Fwp%2Fv2%2Fcategories&post=26687"},{"taxonomy":"post_tag","embeddable":true,"href":"https:\/\/elconspirador.com.mx\/index.php?rest_route=%2Fwp%2Fv2%2Ftags&post=26687"}],"curies":[{"name":"wp","href":"https:\/\/api.w.org\/{rel}","templated":true}]}}