{"id":26719,"date":"2023-05-17T09:01:13","date_gmt":"2023-05-17T15:01:13","guid":{"rendered":"https:\/\/elconspirador.com.mx\/?p=26719"},"modified":"2023-05-17T09:01:13","modified_gmt":"2023-05-17T15:01:13","slug":"amlo-avala-consulta-popular-para-reformar-al-poder-judicial","status":"publish","type":"post","link":"https:\/\/elconspirador.com.mx\/?p=26719","title":{"rendered":"AMLO AVALA CONSULTA POPULAR PARA REFORMAR AL PODER JUDICIAL"},"content":{"rendered":"<p>El presidente Andr\u00e9s Manuel L\u00f3pez Obrador vio con buenos ojos la propuesta del diputado Ignacio Mier Velazco -l\u00edder de la bancada de Morena en la C\u00e1mara de Diputados- quien dijo que promover\u00e1 una consulta popular a fin de que la ciudadan\u00eda decida si quiere, o no, que se reforme el Poder Judicial.<\/p>\n<p>Sin embargo, el mandatario mexicano dijo que se debe revisar si la ley permite realizar dicho ejercicio ciudadano en la fecha propuesta por el coordinador morenista.<\/p>\n<p>\u201cYo pienso que ayuda lo de la consulta. Nada m\u00e1s hay que ver el procedimiento legal porque al parecer no se pueden llevar a cabo consultas cuando inician los procesos electorales. Si hay tiempo y est\u00e1 permitido por la ley, ser\u00eda bueno. Hay que informar a la gente y todos tenemos que participar en limpiar, moralizar, purificar la vida p\u00fablica\u201d, dijo AMLO.<\/p>\n<p>Este fin de semana Ignacio Mier anunci\u00f3 que propondr\u00e1 que en agosto de 2024 -pasado el proceso electoral- se realice una consulta popular para que el pueblo decida si los 11 ministros de la Suprema Corte de Justicia de la Naci\u00f3n (SCJN) deben ser electos por el voto directo.<\/p>\n<p>Tras dar su \u2018visto bueno\u2019 a la consulta popular, AMLO se dio el tiempo de proponer la pregunta que estar\u00eda en la boleta y que tendr\u00eda que ser aprobada por los propios ministros de la Suprema Corte.<\/p>\n<p>\u201c\u00bfQuieres que se elija a los jueces, a los magistrados, a los ministros de la Corte que forman parte del Poder Judicial? \u00bfSi o no? Ah\u00ed est\u00e1 la pregunta\u201d, propuso el mandatario mexicano.<\/p>\n<p>Finalmente, sobre este tema, advirti\u00f3 que sus opositores bloquear\u00e1n la propuesta y le pedir\u00e1n a la gente a no participar en este ejercicio ciudadano.<\/p>\n","protected":false},"excerpt":{"rendered":"<p>El presidente Andr\u00e9s Manuel L\u00f3pez Obrador vio con buenos ojos la propuesta del diputado Ignacio Mier Velazco -l\u00edder de la bancada de Morena en la C\u00e1mara de Diputados- quien dijo que promover\u00e1 una consulta popular a fin de que la ciudadan\u00eda decida si quiere, o no, que se reforme el Poder Judicial. Sin embargo, el mandatario mexicano dijo que se<\/p>\n<div class=\"h10\"><\/div>\n<p><a class=\"more-link2 flat\" href=\"https:\/\/elconspirador.com.mx\/?p=26719\">Leer m\u00e1s<\/a><\/p>\n","protected":false},"author":1,"featured_media":26720,"comment_status":"open","ping_status":"open","sticky":false,"template":"","format":"standard","meta":{"om_disable_all_campaigns":false,"_uf_show_specific_survey":0,"_uf_disable_surveys":false},"categories":[68],"tags":[],"aioseo_notices":[],"_links":{"self":[{"href":"https:\/\/elconspirador.com.mx\/index.php?rest_route=\/wp\/v2\/posts\/26719"}],"collection":[{"href":"https:\/\/elconspirador.com.mx\/index.php?rest_route=\/wp\/v2\/posts"}],"about":[{"href":"https:\/\/elconspirador.com.mx\/index.php?rest_route=\/wp\/v2\/types\/post"}],"author":[{"embeddable":true,"href":"https:\/\/elconspirador.com.mx\/index.php?rest_route=\/wp\/v2\/users\/1"}],"replies":[{"embeddable":true,"href":"https:\/\/elconspirador.com.mx\/index.php?rest_route=%2Fwp%2Fv2%2Fcomments&post=26719"}],"version-history":[{"count":1,"href":"https:\/\/elconspirador.com.mx\/index.php?rest_route=\/wp\/v2\/posts\/26719\/revisions"}],"predecessor-version":[{"id":26721,"href":"https:\/\/elconspirador.com.mx\/index.php?rest_route=\/wp\/v2\/posts\/26719\/revisions\/26721"}],"wp:featuredmedia":[{"embeddable":true,"href":"https:\/\/elconspirador.com.mx\/index.php?rest_route=\/wp\/v2\/media\/26720"}],"wp:attachment":[{"href":"https:\/\/elconspirador.com.mx\/index.php?rest_route=%2Fwp%2Fv2%2Fmedia&parent=26719"}],"wp:term":[{"taxonomy":"category","embeddable":true,"href":"https:\/\/elconspirador.com.mx\/index.php?rest_route=%2Fwp%2Fv2%2Fcategories&post=26719"},{"taxonomy":"post_tag","embeddable":true,"href":"https:\/\/elconspirador.com.mx\/index.php?rest_route=%2Fwp%2Fv2%2Ftags&post=26719"}],"curies":[{"name":"wp","href":"https:\/\/api.w.org\/{rel}","templated":true}]}}