{"id":26746,"date":"2023-05-17T17:27:43","date_gmt":"2023-05-17T23:27:43","guid":{"rendered":"https:\/\/elconspirador.com.mx\/?p=26746"},"modified":"2023-05-17T17:27:43","modified_gmt":"2023-05-17T23:27:43","slug":"17-de-junio-no-habra-queretaro-experimental","status":"publish","type":"post","link":"https:\/\/elconspirador.com.mx\/?p=26746","title":{"rendered":"17 DE JUNIO NO HABR\u00c1 QUER\u00c9TARO EXPERIMENTAL"},"content":{"rendered":"<p>El festival Quer\u00e9taro Experimental se suspender\u00e1 el fin de semana del 17 de junio, confirm\u00f3 Teresa Garc\u00eda Besn\u00e9, secretaria de Cultura del municipio de Quer\u00e9taro.<\/p>\n<p>Lo anterior debido a que el 17 de junio se llevar\u00e1 a cabo la 7\u00aa edici\u00f3n de la Marcha de Orgullo y Dignidad LGBT+ del estado de Quer\u00e9taro, que partir\u00e1 del mirador de Los Arcos rumbo al jard\u00edn Guerrero.<\/p>\n<p>\u201cEste a\u00f1o decidimos no hacer experimental ese fin de semana, porque el a\u00f1o pasado, cuando hay varios eventos, confluyen un mont\u00f3n de condiciones que nadie puede entrar ni al centro y dijimos les toca, es su d\u00eda\u201d, dijo.<\/p>\n<p>La funcionaria detall\u00f3 que se prestar\u00e1 el escenario del jard\u00edn Guerrero a los organizadores de la marcha, as\u00ed como el teatro y la cineteca para realizar actividades conmemorativas.<\/p>\n<p>\u201cNosotros siempre tenemos considerado, si nos invitan participamos. Nosotros no tenemos eventos porque ellos necesitan los espacios, pero estamos con ellos\u201d, indic\u00f3.<\/p>\n","protected":false},"excerpt":{"rendered":"<p>El festival Quer\u00e9taro Experimental se suspender\u00e1 el fin de semana del 17 de junio, confirm\u00f3 Teresa Garc\u00eda Besn\u00e9, secretaria de Cultura del municipio de Quer\u00e9taro. Lo anterior debido a que el 17 de junio se llevar\u00e1 a cabo la 7\u00aa edici\u00f3n de la Marcha de Orgullo y Dignidad LGBT+ del estado de Quer\u00e9taro, que partir\u00e1 del mirador de Los Arcos<\/p>\n<div class=\"h10\"><\/div>\n<p><a class=\"more-link2 flat\" href=\"https:\/\/elconspirador.com.mx\/?p=26746\">Leer m\u00e1s<\/a><\/p>\n","protected":false},"author":1,"featured_media":26747,"comment_status":"open","ping_status":"open","sticky":false,"template":"","format":"standard","meta":{"om_disable_all_campaigns":false,"_uf_show_specific_survey":0,"_uf_disable_surveys":false},"categories":[1,71],"tags":[],"aioseo_notices":[],"_links":{"self":[{"href":"https:\/\/elconspirador.com.mx\/index.php?rest_route=\/wp\/v2\/posts\/26746"}],"collection":[{"href":"https:\/\/elconspirador.com.mx\/index.php?rest_route=\/wp\/v2\/posts"}],"about":[{"href":"https:\/\/elconspirador.com.mx\/index.php?rest_route=\/wp\/v2\/types\/post"}],"author":[{"embeddable":true,"href":"https:\/\/elconspirador.com.mx\/index.php?rest_route=\/wp\/v2\/users\/1"}],"replies":[{"embeddable":true,"href":"https:\/\/elconspirador.com.mx\/index.php?rest_route=%2Fwp%2Fv2%2Fcomments&post=26746"}],"version-history":[{"count":1,"href":"https:\/\/elconspirador.com.mx\/index.php?rest_route=\/wp\/v2\/posts\/26746\/revisions"}],"predecessor-version":[{"id":26748,"href":"https:\/\/elconspirador.com.mx\/index.php?rest_route=\/wp\/v2\/posts\/26746\/revisions\/26748"}],"wp:featuredmedia":[{"embeddable":true,"href":"https:\/\/elconspirador.com.mx\/index.php?rest_route=\/wp\/v2\/media\/26747"}],"wp:attachment":[{"href":"https:\/\/elconspirador.com.mx\/index.php?rest_route=%2Fwp%2Fv2%2Fmedia&parent=26746"}],"wp:term":[{"taxonomy":"category","embeddable":true,"href":"https:\/\/elconspirador.com.mx\/index.php?rest_route=%2Fwp%2Fv2%2Fcategories&post=26746"},{"taxonomy":"post_tag","embeddable":true,"href":"https:\/\/elconspirador.com.mx\/index.php?rest_route=%2Fwp%2Fv2%2Ftags&post=26746"}],"curies":[{"name":"wp","href":"https:\/\/api.w.org\/{rel}","templated":true}]}}