{"id":26749,"date":"2023-05-17T14:47:54","date_gmt":"2023-05-17T20:47:54","guid":{"rendered":"https:\/\/elconspirador.com.mx\/?p=26749"},"modified":"2023-05-17T14:47:54","modified_gmt":"2023-05-17T20:47:54","slug":"capital-recolecta-178-toneladas-de-basura-en-drenes","status":"publish","type":"post","link":"https:\/\/elconspirador.com.mx\/?p=26749","title":{"rendered":"CAPITAL RECOLECTA 178 TONELADAS DE BASURA EN DRENES"},"content":{"rendered":"<p>En las \u00faltimas tres semanas se han recolectado m\u00e1s de 178 toneladas de residuos en cinco drenes del municipio de Quer\u00e9taro, inform\u00f3 Alejandra Haro de la Torre, secretaria de servicios p\u00fablicos de la capital.<\/p>\n<p>La funcionaria detall\u00f3 que los drenes que se han intervenido son El Arenal, Santa Rosa J\u00e1uregui, Tonatiuh, Epigmenio Gonz\u00e1lez y 5 de febrero, a la altura de la empresa Pilgrims.<\/p>\n<p>\u201cRecolectando m\u00e1s de 178 toneladas de residuos entre maleza y azolve, principalmente. Actualmente estamos trabajando en la limpieza de los drenes Bola\u00f1os y Santa Mar\u00eda Magdalena\u201d, dijo.<\/p>\n<p>Agreg\u00f3 que, en total, se cuenta con alrededor de 80 kil\u00f3metros de tramos de drenes en las siete delegaciones en los que, en lo que va del 2023, se han recolectado m\u00e1s de dos mil 322 toneladas de residuos.<\/p>\n<p>\u201cEn 2022 se recolectaron m\u00e1s de tres mil 700 toneladas de residuos. Hacemos el llamado a la ciudadan\u00eda a respetar los d\u00edas y horarios de recolecci\u00f3n que correspondan a sus colonias y marcar al 070 para agendar la recolecci\u00f3n de tiliches\u201d, coment\u00f3.<\/p>\n","protected":false},"excerpt":{"rendered":"<p>En las \u00faltimas tres semanas se han recolectado m\u00e1s de 178 toneladas de residuos en cinco drenes del municipio de Quer\u00e9taro, inform\u00f3 Alejandra Haro de la Torre, secretaria de servicios p\u00fablicos de la capital. La funcionaria detall\u00f3 que los drenes que se han intervenido son El Arenal, Santa Rosa J\u00e1uregui, Tonatiuh, Epigmenio Gonz\u00e1lez y 5 de febrero, a la altura<\/p>\n<div class=\"h10\"><\/div>\n<p><a class=\"more-link2 flat\" href=\"https:\/\/elconspirador.com.mx\/?p=26749\">Leer m\u00e1s<\/a><\/p>\n","protected":false},"author":1,"featured_media":26750,"comment_status":"open","ping_status":"open","sticky":false,"template":"","format":"standard","meta":{"om_disable_all_campaigns":false,"_uf_show_specific_survey":0,"_uf_disable_surveys":false},"categories":[1],"tags":[],"aioseo_notices":[],"_links":{"self":[{"href":"https:\/\/elconspirador.com.mx\/index.php?rest_route=\/wp\/v2\/posts\/26749"}],"collection":[{"href":"https:\/\/elconspirador.com.mx\/index.php?rest_route=\/wp\/v2\/posts"}],"about":[{"href":"https:\/\/elconspirador.com.mx\/index.php?rest_route=\/wp\/v2\/types\/post"}],"author":[{"embeddable":true,"href":"https:\/\/elconspirador.com.mx\/index.php?rest_route=\/wp\/v2\/users\/1"}],"replies":[{"embeddable":true,"href":"https:\/\/elconspirador.com.mx\/index.php?rest_route=%2Fwp%2Fv2%2Fcomments&post=26749"}],"version-history":[{"count":1,"href":"https:\/\/elconspirador.com.mx\/index.php?rest_route=\/wp\/v2\/posts\/26749\/revisions"}],"predecessor-version":[{"id":26751,"href":"https:\/\/elconspirador.com.mx\/index.php?rest_route=\/wp\/v2\/posts\/26749\/revisions\/26751"}],"wp:featuredmedia":[{"embeddable":true,"href":"https:\/\/elconspirador.com.mx\/index.php?rest_route=\/wp\/v2\/media\/26750"}],"wp:attachment":[{"href":"https:\/\/elconspirador.com.mx\/index.php?rest_route=%2Fwp%2Fv2%2Fmedia&parent=26749"}],"wp:term":[{"taxonomy":"category","embeddable":true,"href":"https:\/\/elconspirador.com.mx\/index.php?rest_route=%2Fwp%2Fv2%2Fcategories&post=26749"},{"taxonomy":"post_tag","embeddable":true,"href":"https:\/\/elconspirador.com.mx\/index.php?rest_route=%2Fwp%2Fv2%2Ftags&post=26749"}],"curies":[{"name":"wp","href":"https:\/\/api.w.org\/{rel}","templated":true}]}}