{"id":26759,"date":"2023-05-17T22:20:42","date_gmt":"2023-05-18T04:20:42","guid":{"rendered":"https:\/\/elconspirador.com.mx\/?p=26759"},"modified":"2023-05-17T19:20:51","modified_gmt":"2023-05-18T01:20:51","slug":"realiza-el-marques-jornadas-para-licencias-de-funcionamiento","status":"publish","type":"post","link":"https:\/\/elconspirador.com.mx\/?p=26759","title":{"rendered":"REALIZA EL MARQU\u00c9S JORNADAS PARA LICENCIAS DE FUNCIONAMIENTO"},"content":{"rendered":"<p>&nbsp;<\/p>\n<p>&nbsp;<\/p>\n<p>El municipio de El Marqu\u00e9s, a trav\u00e9s de la Secretar\u00eda de Finanzas P\u00fablicas y Tesorer\u00eda Municipal lleva a las comunidades la Jornada de Licencias de Funcionamiento Comercio al Por Menor 2023, con el objetivo de acercar a la ciudadan\u00eda los tr\u00e1mites y descuentos para la apertura o renovaci\u00f3n de la licencia de funcionamiento, inform\u00f3 la Directora de Ingresos, Rosa Asunci\u00f3n L\u00f3pez Mungu\u00eda.<\/p>\n<p>Explic\u00f3 que estos recorridos se realizar\u00e1n durante todo mayo y van enfocados a negocios al por menor como, tienditas, carnicer\u00edas, zapater\u00edas, etc, a quienes se les aplicar\u00e1 un costo preferencial de 594 pesos en lugar de mil 80 pesos.<\/p>\n<p>Asimismo, inform\u00f3 que los ciudadanos que quieran ponerse al corriente con su pago del impuesto predial, podr\u00e1n recibir, dentro de las jornadas, un descuento del 80 por ciento en multas y recargos.<\/p>\n<p>\u201cHemos atendido, dentro de cada punto, alrededor de 200 personas; entonces la ciudadan\u00eda ha respondido muy bien y al final, nosotros les traemos ese servicio, nos acercamos para que la gente no se pueda desplazar tanto y en sus comunidades darles el servicio. Y la gente que no tiene al corriente el pago del predial, ac\u00e9rquense a los puntos para aprovechar los descuentos\u201d.<\/p>\n<p>L\u00f3pez Mungu\u00eda record\u00f3 que, el tener la licencia de funcionamiento vigente ofrece beneficios al comercio, como apoyo de programas municipales o evitar multas.<\/p>\n<p>Dentro de estas jornadas, tambi\u00e9n participan diferentes \u00e1reas municipales como: el CAAM, la Secretar\u00eda de Desarrollo Econ\u00f3mico y Turismo, la Secretar\u00eda de Desarrollo Agropecuario, el Sistema Municipal DIF y Centro Vive.<\/p>\n<p>Las jornadas iniciaron en la comunidad de Chichimequillas y han recorrido San Vicente Ferrer, Alfajayucan, La Ca\u00f1ada y El Colorado.<\/p>\n<p>Continuar\u00e1n el 18 de mayo, en la cancha de b\u00e1squetbol de la colonia Villas de La Piedad; el 23 de mayo, en la plaza de la comunidad de San Isidro Miranda; el 25 de mayo, en el parque del fraccionamiento La Pradera; y el 30 de mayo, en la explanada de la Hacienda de Jes\u00fas Mar\u00eda.<\/p>\n<p>Para m\u00e1s informaci\u00f3n se pueden comunicar al tel\u00e9fono 4422388400 extensiones 1556, 1565 y 1566.<\/p>\n","protected":false},"excerpt":{"rendered":"<p>&nbsp; &nbsp; El municipio de El Marqu\u00e9s, a trav\u00e9s de la Secretar\u00eda de Finanzas P\u00fablicas y Tesorer\u00eda Municipal lleva a las comunidades la Jornada de Licencias de Funcionamiento Comercio al Por Menor 2023, con el objetivo de acercar a la ciudadan\u00eda los tr\u00e1mites y descuentos para la apertura o renovaci\u00f3n de la licencia de funcionamiento, inform\u00f3 la Directora de Ingresos,<\/p>\n<div class=\"h10\"><\/div>\n<p><a class=\"more-link2 flat\" href=\"https:\/\/elconspirador.com.mx\/?p=26759\">Leer m\u00e1s<\/a><\/p>\n","protected":false},"author":1,"featured_media":26760,"comment_status":"open","ping_status":"open","sticky":false,"template":"","format":"standard","meta":{"om_disable_all_campaigns":false,"_uf_show_specific_survey":0,"_uf_disable_surveys":false},"categories":[1],"tags":[],"aioseo_notices":[],"_links":{"self":[{"href":"https:\/\/elconspirador.com.mx\/index.php?rest_route=\/wp\/v2\/posts\/26759"}],"collection":[{"href":"https:\/\/elconspirador.com.mx\/index.php?rest_route=\/wp\/v2\/posts"}],"about":[{"href":"https:\/\/elconspirador.com.mx\/index.php?rest_route=\/wp\/v2\/types\/post"}],"author":[{"embeddable":true,"href":"https:\/\/elconspirador.com.mx\/index.php?rest_route=\/wp\/v2\/users\/1"}],"replies":[{"embeddable":true,"href":"https:\/\/elconspirador.com.mx\/index.php?rest_route=%2Fwp%2Fv2%2Fcomments&post=26759"}],"version-history":[{"count":1,"href":"https:\/\/elconspirador.com.mx\/index.php?rest_route=\/wp\/v2\/posts\/26759\/revisions"}],"predecessor-version":[{"id":26761,"href":"https:\/\/elconspirador.com.mx\/index.php?rest_route=\/wp\/v2\/posts\/26759\/revisions\/26761"}],"wp:featuredmedia":[{"embeddable":true,"href":"https:\/\/elconspirador.com.mx\/index.php?rest_route=\/wp\/v2\/media\/26760"}],"wp:attachment":[{"href":"https:\/\/elconspirador.com.mx\/index.php?rest_route=%2Fwp%2Fv2%2Fmedia&parent=26759"}],"wp:term":[{"taxonomy":"category","embeddable":true,"href":"https:\/\/elconspirador.com.mx\/index.php?rest_route=%2Fwp%2Fv2%2Fcategories&post=26759"},{"taxonomy":"post_tag","embeddable":true,"href":"https:\/\/elconspirador.com.mx\/index.php?rest_route=%2Fwp%2Fv2%2Ftags&post=26759"}],"curies":[{"name":"wp","href":"https:\/\/api.w.org\/{rel}","templated":true}]}}