{"id":26796,"date":"2023-05-18T07:07:18","date_gmt":"2023-05-18T13:07:18","guid":{"rendered":"https:\/\/elconspirador.com.mx\/?p=26796"},"modified":"2023-05-18T07:07:18","modified_gmt":"2023-05-18T13:07:18","slug":"fifa-presento-la-marca-oficial-del-mundial-2026","status":"publish","type":"post","link":"https:\/\/elconspirador.com.mx\/?p=26796","title":{"rendered":"FIFA PRESENT\u00d3 LA MARCA OFICIAL DEL MUNDIAL 2026"},"content":{"rendered":"<p data-reader-unique-id=\"1\"><span data-reader-unique-id=\"2\">L<\/span>a <strong data-reader-unique-id=\"3\">FIFA<\/strong> present\u00f3 el logotipo y la &#8216;marca oficial&#8217; de la Copa del Mundo de 2026 que ser\u00e1 organizada de manera conjunta por <strong data-reader-unique-id=\"4\">M\u00e9xico, Estados Unidos y Canad\u00e1<\/strong>. En un evento que se llev\u00f3 a cabo en Los \u00c1ngeles, <strong data-reader-unique-id=\"5\">Gianni Infantino<\/strong>, presidente de FIFA as\u00ed como diversas personalidades del futbol se dieron cita para develar la imagen del pr\u00f3ximo Mundial.<\/p>\n<p data-reader-unique-id=\"6\">El logotipo de la <strong data-reader-unique-id=\"7\">Copa del Mundo 2026<\/strong> re\u00fane por primera vez la imagen del trofeo junto con el a\u00f1o de celebraci\u00f3n de la competici\u00f3n en la que participar\u00e1n <strong data-reader-unique-id=\"8\">48 selecciones<\/strong>. De acuerdo a informaci\u00f3n proporcionada por FIFA, la idea detr\u00e1s de la fusi\u00f3n entre la Copa y el a\u00f1o tiene que ver con la posibilidad de &#8220;personalizar la marca para que refleje el car\u00e1cter \u00fanico de cada sede, a la vez que genera una estructura reconocible en la actualidad y en el futuro&#8221;.<\/p>\n<p data-reader-unique-id=\"9\">\n<p data-reader-unique-id=\"15\">Bajo el lema &#8220;<strong data-reader-unique-id=\"16\">We are 26<\/strong>&#8221; o &#8220;Somos 26&#8221;, la FIFA invita a los aficionados a sumarse en la presentaci\u00f3n de cada una de las sedes. &#8220;Es el momento en el que tres pa\u00edses y todo un continente proclaman al un\u00edsono: nos unimos en una sola voz para dar la bienvenida al planeta y organizar la Copa Mundial de la FIFA m\u00e1s grande, espectacular e inclusiva de todos los tiempos&#8221;, se\u00f1al\u00f3 Infantino en el evento organizado en el <strong data-reader-unique-id=\"17\">Observatorio Griffith<\/strong>.<\/p>\n<p data-reader-unique-id=\"18\">\n<h2 data-reader-unique-id=\"21\">Las 16 sedes del Mundial de 2026 y capacidad por estadios<\/h2>\n<ul data-reader-unique-id=\"22\">\n<li data-reader-unique-id=\"23\">Azteca &#8211; CDMX &#8211; M\u00e9xico &#8211; 87,523<\/li>\n<li data-reader-unique-id=\"24\">BBVA Monterrey &#8211; M\u00e9xico &#8211; 53,500<\/li>\n<li data-reader-unique-id=\"25\">Akron &#8211; Guadalajara &#8211; M\u00e9xico &#8211; 50,000<\/li>\n<li data-reader-unique-id=\"26\">Lumen Field &#8211; Seattle &#8211; Estados Unidos &#8211; 69,900<\/li>\n<li data-reader-unique-id=\"27\">Levi&#8217;s &#8211; San Francisco &#8211; Estados Unidos &#8211; 68,500<\/li>\n<li data-reader-unique-id=\"28\">SoFi &#8211; Los \u00c1ngeles &#8211; Estados Unidos &#8211; 70,000<\/li>\n<li data-reader-unique-id=\"29\">Arrowhead &#8211; Kansas City &#8211; Estados Unidos &#8211; 76,416<\/li>\n<li data-reader-unique-id=\"30\">AT&amp;T &#8211; Dallas &#8211; Estados Unidos &#8211; 80,000<\/li>\n<li data-reader-unique-id=\"31\">Mercedes Benz &#8211; Atlanta &#8211; Estados Unidos &#8211; 71,000<\/li>\n<li data-reader-unique-id=\"32\">NRG &#8211; Houston &#8211; Estados Unidos &#8211; 71,795<\/li>\n<li data-reader-unique-id=\"33\">Gillette &#8211; Boston &#8211; Estados Unidos &#8211; 65,878<\/li>\n<li data-reader-unique-id=\"34\">Lincoln Financial Field &#8211; Filadelfia &#8211; Estados Unidos &#8211; 69,176<\/li>\n<li data-reader-unique-id=\"35\">Hard Rock &#8211; Miami &#8211; Estados Unidos &#8211; 64,767<\/li>\n<li data-reader-unique-id=\"36\">MetLife &#8211; Nueva York &#8211; Estados Unidos &#8211; 82,500<\/li>\n<li data-reader-unique-id=\"37\">BMO Field &#8211; Toronto &#8211; Canad\u00e1 &#8211; 30,000<\/li>\n<li data-reader-unique-id=\"38\">BC Place &#8211; Vancouver &#8211; Canad\u00e1 &#8211; 54,500<\/li>\n<\/ul>\n<p data-reader-unique-id=\"39\">Como parte de la presentaci\u00f3n de la imagen del Mundial, este<strong data-reader-unique-id=\"40\"> jueves 18 de mayo<\/strong> las 16 sedes tendr\u00e1n eventos donde cada una mostrar\u00e1 la adaptaci\u00f3n del logo de acuerdo a su ubicaci\u00f3n geogr\u00e1fica. De esta forma, cada ciudad tendr\u00e1 la oportunidad de plasmar las caracter\u00edsticas que la hacen \u00fanica en un logo que se compartir\u00e1 con todo el mundo.<\/p>\n<p data-reader-unique-id=\"44\">La Copa del Mundo 2026 se llevar\u00e1 a cabo entre junio y julio y la <strong data-reader-unique-id=\"45\">final<\/strong> se disputar\u00e1 el<strong data-reader-unique-id=\"46\"> 19 de julio<\/strong>.<\/p>\n","protected":false},"excerpt":{"rendered":"<p>La FIFA present\u00f3 el logotipo y la &#8216;marca oficial&#8217; de la Copa del Mundo de 2026 que ser\u00e1 organizada de manera conjunta por M\u00e9xico, Estados Unidos y Canad\u00e1. En un evento que se llev\u00f3 a cabo en Los \u00c1ngeles, Gianni Infantino, presidente de FIFA as\u00ed como diversas personalidades del futbol se dieron cita para develar la imagen del pr\u00f3ximo Mundial.<\/p>\n<div class=\"h10\"><\/div>\n<p><a class=\"more-link2 flat\" href=\"https:\/\/elconspirador.com.mx\/?p=26796\">Leer m\u00e1s<\/a><\/p>\n","protected":false},"author":1,"featured_media":26797,"comment_status":"open","ping_status":"open","sticky":false,"template":"","format":"standard","meta":{"om_disable_all_campaigns":false,"_uf_show_specific_survey":0,"_uf_disable_surveys":false},"categories":[71],"tags":[],"aioseo_notices":[],"_links":{"self":[{"href":"https:\/\/elconspirador.com.mx\/index.php?rest_route=\/wp\/v2\/posts\/26796"}],"collection":[{"href":"https:\/\/elconspirador.com.mx\/index.php?rest_route=\/wp\/v2\/posts"}],"about":[{"href":"https:\/\/elconspirador.com.mx\/index.php?rest_route=\/wp\/v2\/types\/post"}],"author":[{"embeddable":true,"href":"https:\/\/elconspirador.com.mx\/index.php?rest_route=\/wp\/v2\/users\/1"}],"replies":[{"embeddable":true,"href":"https:\/\/elconspirador.com.mx\/index.php?rest_route=%2Fwp%2Fv2%2Fcomments&post=26796"}],"version-history":[{"count":1,"href":"https:\/\/elconspirador.com.mx\/index.php?rest_route=\/wp\/v2\/posts\/26796\/revisions"}],"predecessor-version":[{"id":26798,"href":"https:\/\/elconspirador.com.mx\/index.php?rest_route=\/wp\/v2\/posts\/26796\/revisions\/26798"}],"wp:featuredmedia":[{"embeddable":true,"href":"https:\/\/elconspirador.com.mx\/index.php?rest_route=\/wp\/v2\/media\/26797"}],"wp:attachment":[{"href":"https:\/\/elconspirador.com.mx\/index.php?rest_route=%2Fwp%2Fv2%2Fmedia&parent=26796"}],"wp:term":[{"taxonomy":"category","embeddable":true,"href":"https:\/\/elconspirador.com.mx\/index.php?rest_route=%2Fwp%2Fv2%2Fcategories&post=26796"},{"taxonomy":"post_tag","embeddable":true,"href":"https:\/\/elconspirador.com.mx\/index.php?rest_route=%2Fwp%2Fv2%2Ftags&post=26796"}],"curies":[{"name":"wp","href":"https:\/\/api.w.org\/{rel}","templated":true}]}}