{"id":26802,"date":"2023-05-18T07:11:30","date_gmt":"2023-05-18T13:11:30","guid":{"rendered":"https:\/\/elconspirador.com.mx\/?p=26802"},"modified":"2023-05-18T07:11:30","modified_gmt":"2023-05-18T13:11:30","slug":"mexico-realiza-rodada-del-silencio","status":"publish","type":"post","link":"https:\/\/elconspirador.com.mx\/?p=26802","title":{"rendered":"M\u00c9XICO REALIZA \u201cRODADA DEL SILENCIO\u201d"},"content":{"rendered":"<p>Con rodadas que se realizaron en las calles de Guadalajara, Fresnillo y la Ciudad de M\u00e9xico, entre otras ciudades del pa\u00eds, usuarios de bicicleta recordaron a los ciclistas que han muerto v\u00edctimas de accidentes viales, en las versiones locales de la Rodada del Silencio.<\/p>\n<p>En la Ciudad de M\u00e9xico, la rodada comenz\u00f3 en el \u00c1ngel de la Independencia, donde integrantes de distintos colectivos ciclistas iniciaron su marcha hacia el Estadio Azteca, sitio en el que concluyeron su recorrido.<\/p>\n<p>En la Perla Tapat\u00eda, alrededor de 200 ciclistas recorrieron la c\u00e9ntrica avenida Ju\u00e1rez hasta llegar a la Glorieta de la Minerva, considerada una de las m\u00e1s ic\u00f3nicas de Guadalajara, para exigir m\u00e1s conciencia a los automovilistas.<\/p>\n<p>Los ciclistas de Fresnillo, Zacatecas, rodaron en un circuito alrededor del Monumento a la Bandera, uno de los sitios m\u00e1s ic\u00f3nicos de la ciudad, mientras que otras decenas de ciclistas hidroc\u00e1lidos hicieron lo propio en los lugares m\u00e1s reconocidos de Aguascalientes.<\/p>\n<p>La Rodada del Silencio es un movimiento global que cada 17 de mayo recuerda a los ciclistas que han muerto v\u00edctimas de accidentes viales, muchos de ellos por la imprudencia de automovilistas o por la falta de se\u00f1alamientos y estructuras viales que den seguridad a los ciclistas.<\/p>\n<p>En esta ocasi\u00f3n, adem\u00e1s de M\u00e9xico, pa\u00edses como Grecia, Alemania, Israel, Costa Rica y Canad\u00e1, entre otros, se unieron al movimiento global.<\/p>\n","protected":false},"excerpt":{"rendered":"<p>Con rodadas que se realizaron en las calles de Guadalajara, Fresnillo y la Ciudad de M\u00e9xico, entre otras ciudades del pa\u00eds, usuarios de bicicleta recordaron a los ciclistas que han muerto v\u00edctimas de accidentes viales, en las versiones locales de la Rodada del Silencio. En la Ciudad de M\u00e9xico, la rodada comenz\u00f3 en el \u00c1ngel de la Independencia, donde integrantes<\/p>\n<div class=\"h10\"><\/div>\n<p><a class=\"more-link2 flat\" href=\"https:\/\/elconspirador.com.mx\/?p=26802\">Leer m\u00e1s<\/a><\/p>\n","protected":false},"author":1,"featured_media":26804,"comment_status":"open","ping_status":"open","sticky":false,"template":"","format":"standard","meta":{"om_disable_all_campaigns":false,"_uf_show_specific_survey":0,"_uf_disable_surveys":false},"categories":[68],"tags":[],"aioseo_notices":[],"_links":{"self":[{"href":"https:\/\/elconspirador.com.mx\/index.php?rest_route=\/wp\/v2\/posts\/26802"}],"collection":[{"href":"https:\/\/elconspirador.com.mx\/index.php?rest_route=\/wp\/v2\/posts"}],"about":[{"href":"https:\/\/elconspirador.com.mx\/index.php?rest_route=\/wp\/v2\/types\/post"}],"author":[{"embeddable":true,"href":"https:\/\/elconspirador.com.mx\/index.php?rest_route=\/wp\/v2\/users\/1"}],"replies":[{"embeddable":true,"href":"https:\/\/elconspirador.com.mx\/index.php?rest_route=%2Fwp%2Fv2%2Fcomments&post=26802"}],"version-history":[{"count":1,"href":"https:\/\/elconspirador.com.mx\/index.php?rest_route=\/wp\/v2\/posts\/26802\/revisions"}],"predecessor-version":[{"id":26805,"href":"https:\/\/elconspirador.com.mx\/index.php?rest_route=\/wp\/v2\/posts\/26802\/revisions\/26805"}],"wp:featuredmedia":[{"embeddable":true,"href":"https:\/\/elconspirador.com.mx\/index.php?rest_route=\/wp\/v2\/media\/26804"}],"wp:attachment":[{"href":"https:\/\/elconspirador.com.mx\/index.php?rest_route=%2Fwp%2Fv2%2Fmedia&parent=26802"}],"wp:term":[{"taxonomy":"category","embeddable":true,"href":"https:\/\/elconspirador.com.mx\/index.php?rest_route=%2Fwp%2Fv2%2Fcategories&post=26802"},{"taxonomy":"post_tag","embeddable":true,"href":"https:\/\/elconspirador.com.mx\/index.php?rest_route=%2Fwp%2Fv2%2Ftags&post=26802"}],"curies":[{"name":"wp","href":"https:\/\/api.w.org\/{rel}","templated":true}]}}