{"id":26815,"date":"2023-05-18T08:23:32","date_gmt":"2023-05-18T14:23:32","guid":{"rendered":"https:\/\/elconspirador.com.mx\/?p=26815"},"modified":"2023-05-18T08:23:32","modified_gmt":"2023-05-18T14:23:32","slug":"rescatan-a-migrantes-secuestrados","status":"publish","type":"post","link":"https:\/\/elconspirador.com.mx\/?p=26815","title":{"rendered":"RESCATAN A MIGRANTES SECUESTRADOS"},"content":{"rendered":"<p>En conferencia de prensa, el titular del Ejecutivo destac\u00f3 que las fuerzas armadas lograron rescatar a los migrantes e instruy\u00f3 al secretario de la Defensa Nacional, general Luis Cresencio Sandoval Gonz\u00e1lez, a dar un informe del operativo.<\/p>\n<p>El alto mando castrense dijo que el operativo de b\u00fasqueda y localizaci\u00f3n estuvo conformado por elementos del Ej\u00e9rcito y la Guardia Nacional.<\/p>\n<p>Entre las primeras acciones -dijo- se encontr\u00f3 el martes 16 de Mayo en Doctor Arroyo nueve migrantes; el mi\u00e9rcoles 18 a otros seis migrantes a la una de la tarde y posteriormente a las 18:00 horas a una persona m\u00e1s.<\/p>\n<p>\u201cHoy a las 03:00 de la ma\u00f1ana fueron localizados 33 migrantes m\u00e1s en la carretera de San Luis Potos\u00ed y de Nuevo Le\u00f3n\u201d.<\/p>\n<p>Se\u00f1al\u00f3 que los migrantes, hombres, mujeres y ni\u00f1os, son de diversas nacionalidades como venezolano, cubanos, haitianos y salvadore\u00f1os, entre otros.<\/p>\n<p>El general dijo que la mayor preocupaci\u00f3n se centra en localizar a los choferes, pues hasta el momento se sabe que los migrantes pararon a cargar gasolina y en ese momento fue cuando un grupo de la delincuencia organiza los captur\u00f3.<\/p>\n<p>Se\u00f1al\u00f3 que los migrantes fueron localizados caminando en las carreteras y en casas de seguridad.<\/p>\n<p>El comandante de la Guardia Nacional David C\u00f3rdova Campos se encuentra en Matehuala en las labores de b\u00fasqueda y en el an\u00e1lisis para instalar un cuartel de la Guardia Nacional en ese municipio.<\/p>\n","protected":false},"excerpt":{"rendered":"<p>En conferencia de prensa, el titular del Ejecutivo destac\u00f3 que las fuerzas armadas lograron rescatar a los migrantes e instruy\u00f3 al secretario de la Defensa Nacional, general Luis Cresencio Sandoval Gonz\u00e1lez, a dar un informe del operativo. El alto mando castrense dijo que el operativo de b\u00fasqueda y localizaci\u00f3n estuvo conformado por elementos del Ej\u00e9rcito y la Guardia Nacional. Entre<\/p>\n<div class=\"h10\"><\/div>\n<p><a class=\"more-link2 flat\" href=\"https:\/\/elconspirador.com.mx\/?p=26815\">Leer m\u00e1s<\/a><\/p>\n","protected":false},"author":1,"featured_media":26693,"comment_status":"open","ping_status":"open","sticky":false,"template":"","format":"standard","meta":{"om_disable_all_campaigns":false,"_uf_show_specific_survey":0,"_uf_disable_surveys":false},"categories":[68],"tags":[],"aioseo_notices":[],"_links":{"self":[{"href":"https:\/\/elconspirador.com.mx\/index.php?rest_route=\/wp\/v2\/posts\/26815"}],"collection":[{"href":"https:\/\/elconspirador.com.mx\/index.php?rest_route=\/wp\/v2\/posts"}],"about":[{"href":"https:\/\/elconspirador.com.mx\/index.php?rest_route=\/wp\/v2\/types\/post"}],"author":[{"embeddable":true,"href":"https:\/\/elconspirador.com.mx\/index.php?rest_route=\/wp\/v2\/users\/1"}],"replies":[{"embeddable":true,"href":"https:\/\/elconspirador.com.mx\/index.php?rest_route=%2Fwp%2Fv2%2Fcomments&post=26815"}],"version-history":[{"count":1,"href":"https:\/\/elconspirador.com.mx\/index.php?rest_route=\/wp\/v2\/posts\/26815\/revisions"}],"predecessor-version":[{"id":26816,"href":"https:\/\/elconspirador.com.mx\/index.php?rest_route=\/wp\/v2\/posts\/26815\/revisions\/26816"}],"wp:featuredmedia":[{"embeddable":true,"href":"https:\/\/elconspirador.com.mx\/index.php?rest_route=\/wp\/v2\/media\/26693"}],"wp:attachment":[{"href":"https:\/\/elconspirador.com.mx\/index.php?rest_route=%2Fwp%2Fv2%2Fmedia&parent=26815"}],"wp:term":[{"taxonomy":"category","embeddable":true,"href":"https:\/\/elconspirador.com.mx\/index.php?rest_route=%2Fwp%2Fv2%2Fcategories&post=26815"},{"taxonomy":"post_tag","embeddable":true,"href":"https:\/\/elconspirador.com.mx\/index.php?rest_route=%2Fwp%2Fv2%2Ftags&post=26815"}],"curies":[{"name":"wp","href":"https:\/\/api.w.org\/{rel}","templated":true}]}}