{"id":26817,"date":"2023-05-18T09:11:10","date_gmt":"2023-05-18T15:11:10","guid":{"rendered":"https:\/\/elconspirador.com.mx\/?p=26817"},"modified":"2023-05-18T09:12:50","modified_gmt":"2023-05-18T15:12:50","slug":"26817-2","status":"publish","type":"post","link":"https:\/\/elconspirador.com.mx\/?p=26817","title":{"rendered":"AD\u00c1N AUGUSTO TAPIZA DE ESPECTACULARES QUER\u00c9TARO"},"content":{"rendered":"<p>El Secretario de Gobernaci\u00f3n Ad\u00e1n Agusto L\u00f3pez ahora es quien ocupa los espacios de los espectaculares en la ciudad de Quer\u00e9taro, que previamente ocupaba la secretaria de Gobierno estatal, Guadalupe Murgu\u00eda Guti\u00e9rrez.<\/p>\n<p>Se trata de la portada de la revista Central Municipal, quien en su edici\u00f3n de marzo hab\u00eda colocado a Guadalupe Murgu\u00eda Guti\u00e9rrez y promocion\u00f3 la entrevista en espectaculares, exclusivamente en la Ciudad de Quer\u00e9taro.<\/p>\n<p>Sin embargo, hace algunos d\u00edas, la imagen fue bajada para ahora colocar la de Ad\u00e1n Agusto L\u00f3pez, uno de los aspirantes a la candidatura a la presidencia de la Rep\u00fablica por Morena.<\/p>\n<p>El funcionario federal es ahora la portada de la edici\u00f3n de mayo de esta empresa period\u00edstica y acapara los anuncios espectaculares en la zona metropolitana.<\/p>\n<p>Adem\u00e1s de los espectaculares, la imagen de Ad\u00e1n Agusto aparece en la cuenta oficial de Twitter y Facebook, de esta empresa, Central Municipal.<\/p>\n<p>Cabe mencionar que esta revista ya hab\u00eda promocionado la imagen del secretario en ediciones anteriores; sin embargo, tambi\u00e9n ha promovido la de otros gobernadores y aspirantes a diversos cargos p\u00fablicos.<\/p>\n","protected":false},"excerpt":{"rendered":"<p>El Secretario de Gobernaci\u00f3n Ad\u00e1n Agusto L\u00f3pez ahora es quien ocupa los espacios de los espectaculares en la ciudad de Quer\u00e9taro, que previamente ocupaba la secretaria de Gobierno estatal, Guadalupe Murgu\u00eda Guti\u00e9rrez. Se trata de la portada de la revista Central Municipal, quien en su edici\u00f3n de marzo hab\u00eda colocado a Guadalupe Murgu\u00eda Guti\u00e9rrez y promocion\u00f3 la entrevista en espectaculares,<\/p>\n<div class=\"h10\"><\/div>\n<p><a class=\"more-link2 flat\" href=\"https:\/\/elconspirador.com.mx\/?p=26817\">Leer m\u00e1s<\/a><\/p>\n","protected":false},"author":1,"featured_media":26818,"comment_status":"open","ping_status":"open","sticky":false,"template":"","format":"standard","meta":{"om_disable_all_campaigns":false,"_uf_show_specific_survey":0,"_uf_disable_surveys":false},"categories":[1],"tags":[],"aioseo_notices":[],"_links":{"self":[{"href":"https:\/\/elconspirador.com.mx\/index.php?rest_route=\/wp\/v2\/posts\/26817"}],"collection":[{"href":"https:\/\/elconspirador.com.mx\/index.php?rest_route=\/wp\/v2\/posts"}],"about":[{"href":"https:\/\/elconspirador.com.mx\/index.php?rest_route=\/wp\/v2\/types\/post"}],"author":[{"embeddable":true,"href":"https:\/\/elconspirador.com.mx\/index.php?rest_route=\/wp\/v2\/users\/1"}],"replies":[{"embeddable":true,"href":"https:\/\/elconspirador.com.mx\/index.php?rest_route=%2Fwp%2Fv2%2Fcomments&post=26817"}],"version-history":[{"count":3,"href":"https:\/\/elconspirador.com.mx\/index.php?rest_route=\/wp\/v2\/posts\/26817\/revisions"}],"predecessor-version":[{"id":26821,"href":"https:\/\/elconspirador.com.mx\/index.php?rest_route=\/wp\/v2\/posts\/26817\/revisions\/26821"}],"wp:featuredmedia":[{"embeddable":true,"href":"https:\/\/elconspirador.com.mx\/index.php?rest_route=\/wp\/v2\/media\/26818"}],"wp:attachment":[{"href":"https:\/\/elconspirador.com.mx\/index.php?rest_route=%2Fwp%2Fv2%2Fmedia&parent=26817"}],"wp:term":[{"taxonomy":"category","embeddable":true,"href":"https:\/\/elconspirador.com.mx\/index.php?rest_route=%2Fwp%2Fv2%2Fcategories&post=26817"},{"taxonomy":"post_tag","embeddable":true,"href":"https:\/\/elconspirador.com.mx\/index.php?rest_route=%2Fwp%2Fv2%2Ftags&post=26817"}],"curies":[{"name":"wp","href":"https:\/\/api.w.org\/{rel}","templated":true}]}}