{"id":26822,"date":"2023-05-18T10:28:59","date_gmt":"2023-05-18T16:28:59","guid":{"rendered":"https:\/\/elconspirador.com.mx\/?p=26822"},"modified":"2023-05-18T10:28:59","modified_gmt":"2023-05-18T16:28:59","slug":"detienen-a-sujeto-por-homicidio-en-san-joaquin","status":"publish","type":"post","link":"https:\/\/elconspirador.com.mx\/?p=26822","title":{"rendered":"DETIENEN A SUJETO POR HOMICIDIO EN SAN JOAQU\u00cdN"},"content":{"rendered":"<p>En la ciudad de Piedras Negras, Coahuila, Polic\u00edas de Investigaci\u00f3n del Delito dieron cumplimiento a una orden de aprehensi\u00f3n por el delito de homicidio calificado, en contra del imputado de privar de la vida a un hombre, el 26 de septiembre de 2021, en el municipio de San Joaqu\u00edn.<\/p>\n<p>Los hechos ocurrieron despu\u00e9s de una discusi\u00f3n, en una fiesta y horas despu\u00e9s del inicio de la carpeta de investigaci\u00f3n se contaba con la orden de aprehensi\u00f3n en contra del agresor. El mandato judicial fue compartido con diversas autoridades, incluso en otros estados.<\/p>\n<p>En coordinaci\u00f3n con autoridades estadounidenses, se logr\u00f3 la detenci\u00f3n del imputado, debido a que, al intentar cruzar la frontera del lado mexicano hacia los Estados Unidos, es detenido por las autoridades americanas y puesto a disposici\u00f3n de la Fiscal\u00eda General del Estado de Coahuila.<\/p>\n<p>La investigaci\u00f3n contin\u00faa, permiti\u00f3 que el 03 de mayo y despu\u00e9s de detener al imputado, se realizara la audiencia inicial, en la que un Juez de Control lo vincul\u00f3 a proceso. La autoridad jurisdiccional le impuso como medida cautelar prisi\u00f3n preventiva oficiosa, plazo de investigaci\u00f3n complementaria de 3 meses.<\/p>\n","protected":false},"excerpt":{"rendered":"<p>En la ciudad de Piedras Negras, Coahuila, Polic\u00edas de Investigaci\u00f3n del Delito dieron cumplimiento a una orden de aprehensi\u00f3n por el delito de homicidio calificado, en contra del imputado de privar de la vida a un hombre, el 26 de septiembre de 2021, en el municipio de San Joaqu\u00edn. Los hechos ocurrieron despu\u00e9s de una discusi\u00f3n, en una fiesta y<\/p>\n<div class=\"h10\"><\/div>\n<p><a class=\"more-link2 flat\" href=\"https:\/\/elconspirador.com.mx\/?p=26822\">Leer m\u00e1s<\/a><\/p>\n","protected":false},"author":1,"featured_media":26823,"comment_status":"open","ping_status":"open","sticky":false,"template":"","format":"standard","meta":{"om_disable_all_campaigns":false,"_uf_show_specific_survey":0,"_uf_disable_surveys":false},"categories":[1],"tags":[],"aioseo_notices":[],"_links":{"self":[{"href":"https:\/\/elconspirador.com.mx\/index.php?rest_route=\/wp\/v2\/posts\/26822"}],"collection":[{"href":"https:\/\/elconspirador.com.mx\/index.php?rest_route=\/wp\/v2\/posts"}],"about":[{"href":"https:\/\/elconspirador.com.mx\/index.php?rest_route=\/wp\/v2\/types\/post"}],"author":[{"embeddable":true,"href":"https:\/\/elconspirador.com.mx\/index.php?rest_route=\/wp\/v2\/users\/1"}],"replies":[{"embeddable":true,"href":"https:\/\/elconspirador.com.mx\/index.php?rest_route=%2Fwp%2Fv2%2Fcomments&post=26822"}],"version-history":[{"count":1,"href":"https:\/\/elconspirador.com.mx\/index.php?rest_route=\/wp\/v2\/posts\/26822\/revisions"}],"predecessor-version":[{"id":26824,"href":"https:\/\/elconspirador.com.mx\/index.php?rest_route=\/wp\/v2\/posts\/26822\/revisions\/26824"}],"wp:featuredmedia":[{"embeddable":true,"href":"https:\/\/elconspirador.com.mx\/index.php?rest_route=\/wp\/v2\/media\/26823"}],"wp:attachment":[{"href":"https:\/\/elconspirador.com.mx\/index.php?rest_route=%2Fwp%2Fv2%2Fmedia&parent=26822"}],"wp:term":[{"taxonomy":"category","embeddable":true,"href":"https:\/\/elconspirador.com.mx\/index.php?rest_route=%2Fwp%2Fv2%2Fcategories&post=26822"},{"taxonomy":"post_tag","embeddable":true,"href":"https:\/\/elconspirador.com.mx\/index.php?rest_route=%2Fwp%2Fv2%2Ftags&post=26822"}],"curies":[{"name":"wp","href":"https:\/\/api.w.org\/{rel}","templated":true}]}}