{"id":26825,"date":"2023-05-18T11:12:52","date_gmt":"2023-05-18T17:12:52","guid":{"rendered":"https:\/\/elconspirador.com.mx\/?p=26825"},"modified":"2023-05-18T11:12:52","modified_gmt":"2023-05-18T17:12:52","slug":"capacita-el-marques-a-funcionarios-del-registro-civil-en-materia-de-derechos-humanos","status":"publish","type":"post","link":"https:\/\/elconspirador.com.mx\/?p=26825","title":{"rendered":"CAPACITA EL MARQU\u00c9S A FUNCIONARIOS DEL REGISTRO CIVIL EN MATERIA DE DERECHOS HUMANOS"},"content":{"rendered":"<p>El municipio de El Marqu\u00e9s, fue una de las sedes del Curso Intensivo Presencial para Oficiales del Registro Civil, organizado por la Secretar\u00eda del Ayuntamiento y la Direcci\u00f3n Estatal del Registro Civil, con el objetivo de actualizar los conocimientos de los funcionarios en materia de derechos humanos y dar cumplimiento a las metas nacionales y estatales en mejorar la atenci\u00f3n a la ciudadan\u00eda.<\/p>\n<p>El secretario del Ayuntamiento, Rodrigo Mesa Jim\u00e9nez, en representaci\u00f3n del presidente municipal, Enrique Vega Carriles, al dar la bienvenida a los 60 funcionarios, destac\u00f3 que en los registros civiles la capacitaci\u00f3n debe ser permanente, para atender los fen\u00f3menos sociales que demanda una atenci\u00f3n por parte de las autoridades.<\/p>\n<p>Puntualiz\u00f3, que actualmente, se tienen que revisar a detalle el C\u00f3digo Nacional de Procedimientos Civiles, as\u00ed como las resoluciones en materia de derechos humanos.<\/p>\n<p>\u201cHay que estar al d\u00eda de las resoluciones en materia de los derechos humanos, respecto a las cuestiones de g\u00e9nero, cambio de sexo. Estas tem\u00e1ticas que quiz\u00e1 hace unos a\u00f1os no eran estudiadas o vistas en las oficial\u00edas del registro civil. Hoy es una realidad y tenemos que estar perfectamente entrenados y capacitados para atender una problem\u00e1tica y un fen\u00f3meno social que est\u00e1 aqu\u00ed enfrente de nosotros y nos demanda la atenci\u00f3n por parte de la autoridad\u201d.<\/p>\n<p>Por su parte, el Director Estatal del Registro Civil, Apolinar Casillas mencion\u00f3 que es fundamental que todos los oficiales del estado est\u00e9n actualizados, no solamente en materia civil, sino tambi\u00e9n en derechos humanos; ya que dijo, esta \u00e1rea tiene que ver con el trato que se le da a la sociedad al momento del nacimiento o muerte de una persona.<\/p>\n<p>De igual manera, indic\u00f3 que una de las partes importantes que lleva el acta de nacimiento es la ubicaci\u00f3n geogr\u00e1fica, es decir, el estado, municipio y localidad, por esa raz\u00f3n, es necesario que estos datos est\u00e9n totalmente correctos.<\/p>\n<p>Cabe se\u00f1alar que el registro civil es una de las instituciones m\u00e1s importantes del pa\u00eds, porque da existencia jur\u00eddica a los actos del estado civil de las personas, otorg\u00e1ndoles acceso a una identidad, protecci\u00f3n y seguridad.<\/p>\n<p>Durante la inauguraci\u00f3n del curso estuvieron presentes la responsable del \u00e1rea de Registros Administrativos de la Coordinaci\u00f3n Estatal INEGI, Mar\u00eda de la Luz Mart\u00ednez Hern\u00e1ndez; la representante de la Subsecretar\u00eda de los Derechos Humanos, Ingrid Zulema Abreu Landaverde; el jefe de \u00e1rea de Atenci\u00f3n al P\u00fablico y Oficial del Registro Civil Adscrito a la Direcci\u00f3n Estatal del Registro Civil del Estado, Isaac B\u00e1rcenas Fern\u00e1ndez; el jefe del Departamento Jur\u00eddico de la Direcci\u00f3n Estatal del Registro Civil, Adri\u00e1n Castro Puga; la Directora del Registro Civil de El Marqu\u00e9s, Mar\u00eda Estela Guti\u00e9rrez Lara; y la Jefa del Departamento Operativo de la Direcci\u00f3n Estatal del Registro Civil; Ma. Guadalupe Y\u00e1\u00f1ez Alaniz.<\/p>\n","protected":false},"excerpt":{"rendered":"<p>El municipio de El Marqu\u00e9s, fue una de las sedes del Curso Intensivo Presencial para Oficiales del Registro Civil, organizado por la Secretar\u00eda del Ayuntamiento y la Direcci\u00f3n Estatal del Registro Civil, con el objetivo de actualizar los conocimientos de los funcionarios en materia de derechos humanos y dar cumplimiento a las metas nacionales y estatales en mejorar la atenci\u00f3n<\/p>\n<div class=\"h10\"><\/div>\n<p><a class=\"more-link2 flat\" href=\"https:\/\/elconspirador.com.mx\/?p=26825\">Leer m\u00e1s<\/a><\/p>\n","protected":false},"author":1,"featured_media":26826,"comment_status":"open","ping_status":"open","sticky":false,"template":"","format":"standard","meta":{"om_disable_all_campaigns":false,"_uf_show_specific_survey":0,"_uf_disable_surveys":false},"categories":[1],"tags":[],"aioseo_notices":[],"_links":{"self":[{"href":"https:\/\/elconspirador.com.mx\/index.php?rest_route=\/wp\/v2\/posts\/26825"}],"collection":[{"href":"https:\/\/elconspirador.com.mx\/index.php?rest_route=\/wp\/v2\/posts"}],"about":[{"href":"https:\/\/elconspirador.com.mx\/index.php?rest_route=\/wp\/v2\/types\/post"}],"author":[{"embeddable":true,"href":"https:\/\/elconspirador.com.mx\/index.php?rest_route=\/wp\/v2\/users\/1"}],"replies":[{"embeddable":true,"href":"https:\/\/elconspirador.com.mx\/index.php?rest_route=%2Fwp%2Fv2%2Fcomments&post=26825"}],"version-history":[{"count":1,"href":"https:\/\/elconspirador.com.mx\/index.php?rest_route=\/wp\/v2\/posts\/26825\/revisions"}],"predecessor-version":[{"id":26827,"href":"https:\/\/elconspirador.com.mx\/index.php?rest_route=\/wp\/v2\/posts\/26825\/revisions\/26827"}],"wp:featuredmedia":[{"embeddable":true,"href":"https:\/\/elconspirador.com.mx\/index.php?rest_route=\/wp\/v2\/media\/26826"}],"wp:attachment":[{"href":"https:\/\/elconspirador.com.mx\/index.php?rest_route=%2Fwp%2Fv2%2Fmedia&parent=26825"}],"wp:term":[{"taxonomy":"category","embeddable":true,"href":"https:\/\/elconspirador.com.mx\/index.php?rest_route=%2Fwp%2Fv2%2Fcategories&post=26825"},{"taxonomy":"post_tag","embeddable":true,"href":"https:\/\/elconspirador.com.mx\/index.php?rest_route=%2Fwp%2Fv2%2Ftags&post=26825"}],"curies":[{"name":"wp","href":"https:\/\/api.w.org\/{rel}","templated":true}]}}