{"id":26847,"date":"2023-05-18T14:36:04","date_gmt":"2023-05-18T20:36:04","guid":{"rendered":"https:\/\/elconspirador.com.mx\/?p=26847"},"modified":"2023-05-18T14:36:04","modified_gmt":"2023-05-18T20:36:04","slug":"realizan-en-la-uaq-foro-sobre-justicia-para-mujeres","status":"publish","type":"post","link":"https:\/\/elconspirador.com.mx\/?p=26847","title":{"rendered":"REALIZAN EN LA UAQ FORO SOBRE JUSTICIA PARA MUJERES"},"content":{"rendered":"<p>El Aula Forense de la Facultad de Derecho (FD) de la Universidad Aut\u00f3noma de Quer\u00e9taro (UAQ) fue sede del Foro: Justicia para las mujeres &#8220;Acci\u00f3n\u00a0y retos&#8221;, impulsado por la Barra Queretana de Abogadas A.C., con la colaboraci\u00f3n de la Red Nacional de Mujeres Defensoras de la Paridad en Todo de la Rep\u00fablica Mexicana, la Federaci\u00f3n de Colegios y Asociaciones de Abogados de Quer\u00e9taro (FCAAQ) y la UAQ.<\/p>\n<p>Durante este evento, la Dra. Teresa Garc\u00eda Gasca, rectora de la M\u00e1xima Casa de Estudios asegur\u00f3 que es urgente que la justicia en M\u00e9xico se imparta con perspectiva de g\u00e9nero para evitar que se cometan injusticias. Por esta raz\u00f3n, agradeci\u00f3 a las organizadoras del Foro por traer este evento a la UAQ, debido a lo necesario que es poner estos temas sobre la mesa y trabajar en ellos desde diversas \u00e1reas.<\/p>\n<p>&#8220;Hay mucho qu\u00e9 hacer en t\u00e9rmino de justicia para las mujeres, mucho qu\u00e9 trabajar y, si bien, se ha ido avanzando desde mi perspectiva, todav\u00eda es poco lo que se ha logrado. La sensibilizaci\u00f3n en estos temas, sobre todo en el \u00e1mbito de la justicia es muy importante, el poder tener en cuenta y tener un conocimiento suficiente para que se pueda impartir justicia con perspectiva de g\u00e9nero que es indispensable en nuestro pa\u00eds&#8221;<\/p>\n<p>Por su parte, la Mtra. Ver\u00f3nica Esperanza Garfias Vargas, presidenta de la Barra Queretana de Abogadas A.C., expres\u00f3 que planearon este Foro para hacer una concientizaci\u00f3n social sobre la defensa con perspectiva de g\u00e9nero; afirm\u00f3 que las integrantes de esta Barra se sienten con la obligaci\u00f3n de ser difusoras de una cultura legal de avanzada.<\/p>\n<p>&#8220;\u00bfCu\u00e1l es el reto? Es brindar a las mujeres y a los hombres las mismas oportunidades, condiciones y formas de trato sin dejar de lado las peculiaridades de cada uno, que permitan y garanticen el acceso a los derechos humanos &#8220;, expres\u00f3 la Mtra. Garfias Vargas.<\/p>\n<p>La conferencia inaugural fue &#8220;La lucha de las mujeres en la construcci\u00f3n de nuevas identidades&#8221;, a cargo de la Mtra. Diana Ivette Garfias, presidenta del Colegio Estatal de Psic\u00f3logos de Quer\u00e9taro.<\/p>\n","protected":false},"excerpt":{"rendered":"<p>El Aula Forense de la Facultad de Derecho (FD) de la Universidad Aut\u00f3noma de Quer\u00e9taro (UAQ) fue sede del Foro: Justicia para las mujeres &#8220;Acci\u00f3n\u00a0y retos&#8221;, impulsado por la Barra Queretana de Abogadas A.C., con la colaboraci\u00f3n de la Red Nacional de Mujeres Defensoras de la Paridad en Todo de la Rep\u00fablica Mexicana, la Federaci\u00f3n de Colegios y Asociaciones de<\/p>\n<div class=\"h10\"><\/div>\n<p><a class=\"more-link2 flat\" href=\"https:\/\/elconspirador.com.mx\/?p=26847\">Leer m\u00e1s<\/a><\/p>\n","protected":false},"author":1,"featured_media":26848,"comment_status":"open","ping_status":"open","sticky":false,"template":"","format":"standard","meta":{"om_disable_all_campaigns":false,"_uf_show_specific_survey":0,"_uf_disable_surveys":false},"categories":[1],"tags":[],"aioseo_notices":[],"_links":{"self":[{"href":"https:\/\/elconspirador.com.mx\/index.php?rest_route=\/wp\/v2\/posts\/26847"}],"collection":[{"href":"https:\/\/elconspirador.com.mx\/index.php?rest_route=\/wp\/v2\/posts"}],"about":[{"href":"https:\/\/elconspirador.com.mx\/index.php?rest_route=\/wp\/v2\/types\/post"}],"author":[{"embeddable":true,"href":"https:\/\/elconspirador.com.mx\/index.php?rest_route=\/wp\/v2\/users\/1"}],"replies":[{"embeddable":true,"href":"https:\/\/elconspirador.com.mx\/index.php?rest_route=%2Fwp%2Fv2%2Fcomments&post=26847"}],"version-history":[{"count":1,"href":"https:\/\/elconspirador.com.mx\/index.php?rest_route=\/wp\/v2\/posts\/26847\/revisions"}],"predecessor-version":[{"id":26849,"href":"https:\/\/elconspirador.com.mx\/index.php?rest_route=\/wp\/v2\/posts\/26847\/revisions\/26849"}],"wp:featuredmedia":[{"embeddable":true,"href":"https:\/\/elconspirador.com.mx\/index.php?rest_route=\/wp\/v2\/media\/26848"}],"wp:attachment":[{"href":"https:\/\/elconspirador.com.mx\/index.php?rest_route=%2Fwp%2Fv2%2Fmedia&parent=26847"}],"wp:term":[{"taxonomy":"category","embeddable":true,"href":"https:\/\/elconspirador.com.mx\/index.php?rest_route=%2Fwp%2Fv2%2Fcategories&post=26847"},{"taxonomy":"post_tag","embeddable":true,"href":"https:\/\/elconspirador.com.mx\/index.php?rest_route=%2Fwp%2Fv2%2Ftags&post=26847"}],"curies":[{"name":"wp","href":"https:\/\/api.w.org\/{rel}","templated":true}]}}