{"id":26850,"date":"2023-05-18T19:17:15","date_gmt":"2023-05-19T01:17:15","guid":{"rendered":"https:\/\/elconspirador.com.mx\/?p=26850"},"modified":"2023-05-18T19:17:15","modified_gmt":"2023-05-19T01:17:15","slug":"defensoria-realizara-operativos-para-cuidar-migrantes","status":"publish","type":"post","link":"https:\/\/elconspirador.com.mx\/?p=26850","title":{"rendered":"DEFENSOR\u00cdA REALIZAR\u00c1 OPERATIVOS PARA CUIDAR MIGRANTES"},"content":{"rendered":"<p>La Defensor\u00eda de Derechos Humanos de Quer\u00e9taro realizar\u00e1 recorridos de forma peri\u00f3dica por las zonas de concentraci\u00f3n de migrantes en el estado de Quer\u00e9taro, dio a conocer Javier Rascado P\u00e9rez, ombudsperson del estado.<\/p>\n<p>Rascado P\u00e9rez detall\u00f3 que dichos recorridos tienen como finalidad vigilar y monitorear las condiciones en las que se encuentran las personas migrantes para garantizar que se respetan sus derechos humanos.<\/p>\n<p>\u201cEstaremos realizando de manera peri\u00f3dica recorridos por zonas de concentraci\u00f3n de personas en situaci\u00f3n de movilidad para vigilar y monitorear sus condiciones y ver que en todo momento se garanticen y respeten sus derechos humanos por parte de las autoridades estatales\u201d, indic\u00f3.<\/p>\n<p>El ombudsperson mencion\u00f3 que la atenci\u00f3n del tema migratorio es facultad del gobierno federal, a trav\u00e9s del Instituto Nacional de Migraci\u00f3n (INM) y la Comisi\u00f3n Nacional de Derechos Humanos (CNDH); sin embargo, asegur\u00f3 que estar\u00e1n atentos para salvaguardar los derechos humanos de las personas en caso de tener relaci\u00f3n con autoridades estatales y municipales.<\/p>\n<p>\u201cEn cualquier caso hemos estado realizando un trabajo constante y permanente, incluso en \u00faltimas fechas tuvimos un acercamiento con organismos como IAS o la propia ACNUR para establecer una agenda de trabajo de acompa\u00f1amiento y protecci\u00f3n justamente a personas en contexto de movilidad y tambi\u00e9n a aquellas que est\u00e1n en condici\u00f3n de refugio\u201d, se\u00f1al\u00f3.<\/p>\n","protected":false},"excerpt":{"rendered":"<p>La Defensor\u00eda de Derechos Humanos de Quer\u00e9taro realizar\u00e1 recorridos de forma peri\u00f3dica por las zonas de concentraci\u00f3n de migrantes en el estado de Quer\u00e9taro, dio a conocer Javier Rascado P\u00e9rez, ombudsperson del estado. Rascado P\u00e9rez detall\u00f3 que dichos recorridos tienen como finalidad vigilar y monitorear las condiciones en las que se encuentran las personas migrantes para garantizar que se respetan<\/p>\n<div class=\"h10\"><\/div>\n<p><a class=\"more-link2 flat\" href=\"https:\/\/elconspirador.com.mx\/?p=26850\">Leer m\u00e1s<\/a><\/p>\n","protected":false},"author":1,"featured_media":26851,"comment_status":"open","ping_status":"open","sticky":false,"template":"","format":"standard","meta":{"om_disable_all_campaigns":false,"_uf_show_specific_survey":0,"_uf_disable_surveys":false},"categories":[1],"tags":[],"aioseo_notices":[],"_links":{"self":[{"href":"https:\/\/elconspirador.com.mx\/index.php?rest_route=\/wp\/v2\/posts\/26850"}],"collection":[{"href":"https:\/\/elconspirador.com.mx\/index.php?rest_route=\/wp\/v2\/posts"}],"about":[{"href":"https:\/\/elconspirador.com.mx\/index.php?rest_route=\/wp\/v2\/types\/post"}],"author":[{"embeddable":true,"href":"https:\/\/elconspirador.com.mx\/index.php?rest_route=\/wp\/v2\/users\/1"}],"replies":[{"embeddable":true,"href":"https:\/\/elconspirador.com.mx\/index.php?rest_route=%2Fwp%2Fv2%2Fcomments&post=26850"}],"version-history":[{"count":1,"href":"https:\/\/elconspirador.com.mx\/index.php?rest_route=\/wp\/v2\/posts\/26850\/revisions"}],"predecessor-version":[{"id":26852,"href":"https:\/\/elconspirador.com.mx\/index.php?rest_route=\/wp\/v2\/posts\/26850\/revisions\/26852"}],"wp:featuredmedia":[{"embeddable":true,"href":"https:\/\/elconspirador.com.mx\/index.php?rest_route=\/wp\/v2\/media\/26851"}],"wp:attachment":[{"href":"https:\/\/elconspirador.com.mx\/index.php?rest_route=%2Fwp%2Fv2%2Fmedia&parent=26850"}],"wp:term":[{"taxonomy":"category","embeddable":true,"href":"https:\/\/elconspirador.com.mx\/index.php?rest_route=%2Fwp%2Fv2%2Fcategories&post=26850"},{"taxonomy":"post_tag","embeddable":true,"href":"https:\/\/elconspirador.com.mx\/index.php?rest_route=%2Fwp%2Fv2%2Ftags&post=26850"}],"curies":[{"name":"wp","href":"https:\/\/api.w.org\/{rel}","templated":true}]}}