{"id":26853,"date":"2023-05-18T16:02:27","date_gmt":"2023-05-18T22:02:27","guid":{"rendered":"https:\/\/elconspirador.com.mx\/?p=26853"},"modified":"2023-05-18T16:02:27","modified_gmt":"2023-05-18T22:02:27","slug":"acude-rectora-uaq-a-conmemoracion-del-dia-de-la-lucha-contra-la-homolesbotransfobia","status":"publish","type":"post","link":"https:\/\/elconspirador.com.mx\/?p=26853","title":{"rendered":"ACUDE RECTORA UAQ A CONMEMORACI\u00d3N DEL D\u00cdA DE LA LUCHA CONTRA LA HOMOLESBOTRANSFOBIA"},"content":{"rendered":"<p>Teresa Garc\u00eda Gasca, rectora de la Universidad Aut\u00f3noma de Quer\u00e9taro (UAQ) acudi\u00f3 a la Conmemoraci\u00f3n del D\u00eda de la Lucha contra la Homolesbobitransfobia, impulsado por el Frente Queretano por el Derecho a la no Discriminaci\u00f3n y el Estado Laico (Frente Queretano DNDEL), realizado en Plaza Los Arcos. En este encuentro se pronunciaron representantes de instituciones acad\u00e9micas, organismos aut\u00f3nomos, de gobierno y de la sociedad civil.<\/p>\n<p>Durante su mensaje, la Dra. Garc\u00eda Gasca asegur\u00f3 que a pesar de que se ha avanzado en este tema, a\u00fan queda mucho por hacer; la violencia actual en contra de las mujeres trans, por ejemplo, pone de manifiesto la falta de sensibilidad y tolerancia que hay en la sociedad, aunado a la poca comprensi\u00f3n de las diversidades sexuales que se vive hoy en d\u00eda.<\/p>\n<p>Tambi\u00e9n dijo que esta clase de actos deben ser un llamado a las autoridades de los diferentes \u00f3rdenes de gobierno para que realicen acciones puntuales en el combate de la homofobia, lesbofobia, transfobia y disfobia, entre otras. Afirm\u00f3 adem\u00e1s que al respetarse los derechos se avanza en este tenor y, por ello, en la UAQ se contin\u00faa trabajando en distintas \u00e1reas para que todas las personas gocen de todos los derechos.<\/p>\n<p>&#8220;Es nuestra obligaci\u00f3n como sociedad, instituciones educativas, grupos, activistas, colectivos y colectivas seguir trabajando y luchando para avanzar en este sentido. Hoy tenemos la oportunidad de estar aqu\u00ed, congregarnos alrededor de este tema tan importante como una conmemoraci\u00f3n, s\u00ed, pero tambi\u00e9n como un acto de protesta, porque al final, el que estemos aqu\u00ed quiere decir que hay un tema que no est\u00e1 resuelto&#8221;, expres\u00f3 la Rectora.<\/p>\n<p>Por su parte, Walter L\u00f3pez Gonz\u00e1lez, vocero del Frente Queretano DNDEL, asegur\u00f3 que las fobias y odios en contra de la comunidad LGBTQ+ deben parar, pues los datos de las agresiones en contra de sus miembros escalan diariamente. Expres\u00f3, por ejemplo, que de acuerdo con la Organizaci\u00f3n LetraEse, de los 87 asesinatos documentados en 2022 de esta poblaci\u00f3n, el 55 por ciento fueron de mujeres trans, el 25 por ciento de hombres homosexuales y el 13 por ciento de mujeres lesbianas. Por esta raz\u00f3n, el activista mencion\u00f3 que es trascendental conocer esta informaci\u00f3n para visibilizar la violencia en contra de esta comunidad es un foco rojo que urge atender, as\u00ed como acceder a pol\u00edticas p\u00fablicas para esta poblaci\u00f3n.<\/p>\n<p>&#8220;Sabemos que somos el 8.2 por ciento de la poblaci\u00f3n queretana, ese mismo porcentaje de las personas adultas mayores, que ya tienen muchas pol\u00edticas p\u00fablicas, pero nosotros no tenemos ninguna. Por eso hemos demandado un mayor presupuesto al Instituto Municipal para Prevenir y Eliminar la Discriminaci\u00f3n y tenemos como prioridades salud y justicia sin discriminaci\u00f3n&#8221;, expres\u00f3.<\/p>\n","protected":false},"excerpt":{"rendered":"<p>Teresa Garc\u00eda Gasca, rectora de la Universidad Aut\u00f3noma de Quer\u00e9taro (UAQ) acudi\u00f3 a la Conmemoraci\u00f3n del D\u00eda de la Lucha contra la Homolesbobitransfobia, impulsado por el Frente Queretano por el Derecho a la no Discriminaci\u00f3n y el Estado Laico (Frente Queretano DNDEL), realizado en Plaza Los Arcos. En este encuentro se pronunciaron representantes de instituciones acad\u00e9micas, organismos aut\u00f3nomos, de gobierno<\/p>\n<div class=\"h10\"><\/div>\n<p><a class=\"more-link2 flat\" href=\"https:\/\/elconspirador.com.mx\/?p=26853\">Leer m\u00e1s<\/a><\/p>\n","protected":false},"author":1,"featured_media":26857,"comment_status":"open","ping_status":"open","sticky":false,"template":"","format":"standard","meta":{"om_disable_all_campaigns":false,"_uf_show_specific_survey":0,"_uf_disable_surveys":false},"categories":[1],"tags":[],"aioseo_notices":[],"_links":{"self":[{"href":"https:\/\/elconspirador.com.mx\/index.php?rest_route=\/wp\/v2\/posts\/26853"}],"collection":[{"href":"https:\/\/elconspirador.com.mx\/index.php?rest_route=\/wp\/v2\/posts"}],"about":[{"href":"https:\/\/elconspirador.com.mx\/index.php?rest_route=\/wp\/v2\/types\/post"}],"author":[{"embeddable":true,"href":"https:\/\/elconspirador.com.mx\/index.php?rest_route=\/wp\/v2\/users\/1"}],"replies":[{"embeddable":true,"href":"https:\/\/elconspirador.com.mx\/index.php?rest_route=%2Fwp%2Fv2%2Fcomments&post=26853"}],"version-history":[{"count":1,"href":"https:\/\/elconspirador.com.mx\/index.php?rest_route=\/wp\/v2\/posts\/26853\/revisions"}],"predecessor-version":[{"id":26858,"href":"https:\/\/elconspirador.com.mx\/index.php?rest_route=\/wp\/v2\/posts\/26853\/revisions\/26858"}],"wp:featuredmedia":[{"embeddable":true,"href":"https:\/\/elconspirador.com.mx\/index.php?rest_route=\/wp\/v2\/media\/26857"}],"wp:attachment":[{"href":"https:\/\/elconspirador.com.mx\/index.php?rest_route=%2Fwp%2Fv2%2Fmedia&parent=26853"}],"wp:term":[{"taxonomy":"category","embeddable":true,"href":"https:\/\/elconspirador.com.mx\/index.php?rest_route=%2Fwp%2Fv2%2Fcategories&post=26853"},{"taxonomy":"post_tag","embeddable":true,"href":"https:\/\/elconspirador.com.mx\/index.php?rest_route=%2Fwp%2Fv2%2Ftags&post=26853"}],"curies":[{"name":"wp","href":"https:\/\/api.w.org\/{rel}","templated":true}]}}