{"id":26862,"date":"2023-05-19T06:04:55","date_gmt":"2023-05-19T12:04:55","guid":{"rendered":"https:\/\/elconspirador.com.mx\/?p=26862"},"modified":"2023-05-19T06:04:55","modified_gmt":"2023-05-19T12:04:55","slug":"ameq-apoyara-a-familia-de-taxista-fallecido-en-accidente","status":"publish","type":"post","link":"https:\/\/elconspirador.com.mx\/?p=26862","title":{"rendered":"AMEQ APOYAR\u00c1 A FAMILIA DE TAXISTA FALLECIDO EN ACCIDENTE"},"content":{"rendered":"<p>La Agencia de Movilidad del Estado de Quer\u00e9taro lamenta el fallecimiento de un operador del servicio de taxi, as\u00ed como del conductor de un auto particular, tras un accidente en el Anillo Vial Fray Jun\u00edpero Serra.<\/p>\n<p>&nbsp;<\/p>\n<p>Tras el lamentable hecho, la AMEQ contact\u00f3 al concesionario, y dar\u00e1 seguimiento para brindar todo el apoyo a las y los familiares de quienes estuvieron involucrados en este hecho.<\/p>\n<p>&nbsp;<\/p>\n<p>La dependencia expresa su m\u00e1s profundo p\u00e9same a sus familiares, amigos y compa\u00f1eros, al tiempo que desea encuentren resignaci\u00f3n ante tan irreparable p\u00e9rdida.<\/p>\n<p>&nbsp;<\/p>\n<p>El operador contaba con licencia y Tarjet\u00f3n de Identificaci\u00f3n del Operador (TIO) vigentes y la unidad cumpl\u00eda con su refrendo y p\u00f3liza de seguro. Asimismo, la Agencia expresa su compromiso de colaborar con las autoridades que as\u00ed lo soliciten.<\/p>\n","protected":false},"excerpt":{"rendered":"<p>La Agencia de Movilidad del Estado de Quer\u00e9taro lamenta el fallecimiento de un operador del servicio de taxi, as\u00ed como del conductor de un auto particular, tras un accidente en el Anillo Vial Fray Jun\u00edpero Serra. &nbsp; Tras el lamentable hecho, la AMEQ contact\u00f3 al concesionario, y dar\u00e1 seguimiento para brindar todo el apoyo a las y los familiares de<\/p>\n<div class=\"h10\"><\/div>\n<p><a class=\"more-link2 flat\" href=\"https:\/\/elconspirador.com.mx\/?p=26862\">Leer m\u00e1s<\/a><\/p>\n","protected":false},"author":1,"featured_media":26863,"comment_status":"open","ping_status":"open","sticky":false,"template":"","format":"standard","meta":{"om_disable_all_campaigns":false,"_uf_show_specific_survey":0,"_uf_disable_surveys":false},"categories":[1],"tags":[],"aioseo_notices":[],"_links":{"self":[{"href":"https:\/\/elconspirador.com.mx\/index.php?rest_route=\/wp\/v2\/posts\/26862"}],"collection":[{"href":"https:\/\/elconspirador.com.mx\/index.php?rest_route=\/wp\/v2\/posts"}],"about":[{"href":"https:\/\/elconspirador.com.mx\/index.php?rest_route=\/wp\/v2\/types\/post"}],"author":[{"embeddable":true,"href":"https:\/\/elconspirador.com.mx\/index.php?rest_route=\/wp\/v2\/users\/1"}],"replies":[{"embeddable":true,"href":"https:\/\/elconspirador.com.mx\/index.php?rest_route=%2Fwp%2Fv2%2Fcomments&post=26862"}],"version-history":[{"count":1,"href":"https:\/\/elconspirador.com.mx\/index.php?rest_route=\/wp\/v2\/posts\/26862\/revisions"}],"predecessor-version":[{"id":26864,"href":"https:\/\/elconspirador.com.mx\/index.php?rest_route=\/wp\/v2\/posts\/26862\/revisions\/26864"}],"wp:featuredmedia":[{"embeddable":true,"href":"https:\/\/elconspirador.com.mx\/index.php?rest_route=\/wp\/v2\/media\/26863"}],"wp:attachment":[{"href":"https:\/\/elconspirador.com.mx\/index.php?rest_route=%2Fwp%2Fv2%2Fmedia&parent=26862"}],"wp:term":[{"taxonomy":"category","embeddable":true,"href":"https:\/\/elconspirador.com.mx\/index.php?rest_route=%2Fwp%2Fv2%2Fcategories&post=26862"},{"taxonomy":"post_tag","embeddable":true,"href":"https:\/\/elconspirador.com.mx\/index.php?rest_route=%2Fwp%2Fv2%2Ftags&post=26862"}],"curies":[{"name":"wp","href":"https:\/\/api.w.org\/{rel}","templated":true}]}}