{"id":26874,"date":"2023-05-19T07:55:09","date_gmt":"2023-05-19T13:55:09","guid":{"rendered":"https:\/\/elconspirador.com.mx\/?p=26874"},"modified":"2023-05-19T07:55:09","modified_gmt":"2023-05-19T13:55:09","slug":"queretanas-clasifican-a-competiciones-conade-2023","status":"publish","type":"post","link":"https:\/\/elconspirador.com.mx\/?p=26874","title":{"rendered":"QUERETANAS CLASIFICAN A COMPETICIONES CONADE 2023"},"content":{"rendered":"<p>Tras su participaci\u00f3n en el Campeonato Nacional de Gimnasia Art\u00edstica Femenil, celebrado en San Luis Potos\u00ed, un total de diez atletas queretanas lograron su clasificaci\u00f3n a los Nacionales CONADE 2023, a realizarse en la ciudad de Guadalajara, del 15 al 19 de junio.<\/p>\n<p>&nbsp;<\/p>\n<p>El equipo est\u00e1 integrado por las atletas Valentina Yglesias y Regina Topete, quienes ganaron medalla de oro y bronce en salto; adem\u00e1s de Louane Mahe, Mar\u00eda Alcocer, Sophie Gobert, Danna Ojeda, F\u00e1tima L\u00f3pez, Tany Arias, Valentina Mel\u00e9ndez y Valeria R\u00edos.<\/p>\n","protected":false},"excerpt":{"rendered":"<p>Tras su participaci\u00f3n en el Campeonato Nacional de Gimnasia Art\u00edstica Femenil, celebrado en San Luis Potos\u00ed, un total de diez atletas queretanas lograron su clasificaci\u00f3n a los Nacionales CONADE 2023, a realizarse en la ciudad de Guadalajara, del 15 al 19 de junio. &nbsp; El equipo est\u00e1 integrado por las atletas Valentina Yglesias y Regina Topete, quienes ganaron medalla de<\/p>\n<div class=\"h10\"><\/div>\n<p><a class=\"more-link2 flat\" href=\"https:\/\/elconspirador.com.mx\/?p=26874\">Leer m\u00e1s<\/a><\/p>\n","protected":false},"author":1,"featured_media":26875,"comment_status":"open","ping_status":"open","sticky":false,"template":"","format":"standard","meta":{"om_disable_all_campaigns":false,"_uf_show_specific_survey":0,"_uf_disable_surveys":false},"categories":[70],"tags":[],"aioseo_notices":[],"_links":{"self":[{"href":"https:\/\/elconspirador.com.mx\/index.php?rest_route=\/wp\/v2\/posts\/26874"}],"collection":[{"href":"https:\/\/elconspirador.com.mx\/index.php?rest_route=\/wp\/v2\/posts"}],"about":[{"href":"https:\/\/elconspirador.com.mx\/index.php?rest_route=\/wp\/v2\/types\/post"}],"author":[{"embeddable":true,"href":"https:\/\/elconspirador.com.mx\/index.php?rest_route=\/wp\/v2\/users\/1"}],"replies":[{"embeddable":true,"href":"https:\/\/elconspirador.com.mx\/index.php?rest_route=%2Fwp%2Fv2%2Fcomments&post=26874"}],"version-history":[{"count":1,"href":"https:\/\/elconspirador.com.mx\/index.php?rest_route=\/wp\/v2\/posts\/26874\/revisions"}],"predecessor-version":[{"id":26876,"href":"https:\/\/elconspirador.com.mx\/index.php?rest_route=\/wp\/v2\/posts\/26874\/revisions\/26876"}],"wp:featuredmedia":[{"embeddable":true,"href":"https:\/\/elconspirador.com.mx\/index.php?rest_route=\/wp\/v2\/media\/26875"}],"wp:attachment":[{"href":"https:\/\/elconspirador.com.mx\/index.php?rest_route=%2Fwp%2Fv2%2Fmedia&parent=26874"}],"wp:term":[{"taxonomy":"category","embeddable":true,"href":"https:\/\/elconspirador.com.mx\/index.php?rest_route=%2Fwp%2Fv2%2Fcategories&post=26874"},{"taxonomy":"post_tag","embeddable":true,"href":"https:\/\/elconspirador.com.mx\/index.php?rest_route=%2Fwp%2Fv2%2Ftags&post=26874"}],"curies":[{"name":"wp","href":"https:\/\/api.w.org\/{rel}","templated":true}]}}