{"id":26886,"date":"2023-05-19T17:36:28","date_gmt":"2023-05-19T23:36:28","guid":{"rendered":"https:\/\/elconspirador.com.mx\/?p=26886"},"modified":"2023-05-19T17:36:28","modified_gmt":"2023-05-19T23:36:28","slug":"los-fabulosos-cadillacs-en-el-zocalo-el-3-de-junio","status":"publish","type":"post","link":"https:\/\/elconspirador.com.mx\/?p=26886","title":{"rendered":"LOS FABULOSOS CADILLACS EN EL Z\u00d3CALO EL 3 DE JUNIO"},"content":{"rendered":"<p>Los Fabulosos Cadillacs ser\u00e1n la siguiente banda que se presente en el Z\u00f3calo de la Ciudad de M\u00e9xico. La fecha del concierto del grupo argentino la anunciaron autoridades capitalinas en sus redes sociales: ser\u00e1 el s\u00e1bado 3 de junio, a las 20:00 horas.<\/p>\n<p>La agrupaci\u00f3n de cl\u00e1sicos como \u201cMatador\u201d o \u201cVasos Vac\u00edos\u201d se suman as\u00ed a los artistas que se presentan de forma gratuita y masiva en la plancha del Z\u00f3calo de la Ciudad de M\u00e9xico, que hace algunas semanas miles lo abarrotaron para ver la presentaci\u00f3n de la cantante espa\u00f1ola Rosal\u00eda.<\/p>\n<p>Los Fabulosos Cadillacs tendr\u00e1n gira por M\u00e9xico<\/p>\n<p>La banda argentina ya ten\u00eda previsto venir a M\u00e9xico, quienes en noviembre pr\u00f3ximo pisar\u00e1n tierras aztecas con su gira \u201cEl Le\u00f3n del Ritmo Tour\u201c, con la cual visitar\u00e1n ciudades como Monterrey, Guadalajara y la Ciudad de M\u00e9xico.<\/p>\n<p>4 de noviembre \u2013 Monterrey \u2013 Auditorio Citibanamex<br \/>\n8 y 9 de noviembre \u2013 Ciudad de M\u00e9xico \u2013 Palacio de los Deportes<br \/>\n11 de noviembre \u2013 Guadalajara \u2013 Auditorio Telmex<br \/>\n\u00bfQui\u00e9nes son Los Fabulosos Cadillacs?<\/p>\n<p>Vicentico y compa\u00f1\u00eda se dieron a conocer a principios de la d\u00e9cada de 1980 con su disco \u201cFabulosos calavera\u201d ganando mucha popularidad entre el p\u00fablico, la cual que creci\u00f3 con el paso de los a\u00f1os y la convirti\u00f3 en una de las bandas favoritas del p\u00fablico mexicano.<\/p>\n<p>A lo largo de su trayectoria los argentinos han tenido m\u00e1s de un \u00e9xito que hasta el d\u00eda de hoy sigue sonando entre personas de todas las edades.<\/p>\n<p>Temas como \u201cSiguiendo la luna\u201d, \u201cVasos vac\u00edos\u201d, \u201cLa vida\u201d, \u201cCalaveritas y diablitos\u201d y \u201cMatador\u201d se han convertido en temas cl\u00e1sicos que se podr\u00e1n escuchar en sus pr\u00f3ximas presentaciones.<\/p>\n","protected":false},"excerpt":{"rendered":"<p>Los Fabulosos Cadillacs ser\u00e1n la siguiente banda que se presente en el Z\u00f3calo de la Ciudad de M\u00e9xico. La fecha del concierto del grupo argentino la anunciaron autoridades capitalinas en sus redes sociales: ser\u00e1 el s\u00e1bado 3 de junio, a las 20:00 horas. La agrupaci\u00f3n de cl\u00e1sicos como \u201cMatador\u201d o \u201cVasos Vac\u00edos\u201d se suman as\u00ed a los artistas que se<\/p>\n<div class=\"h10\"><\/div>\n<p><a class=\"more-link2 flat\" href=\"https:\/\/elconspirador.com.mx\/?p=26886\">Leer m\u00e1s<\/a><\/p>\n","protected":false},"author":1,"featured_media":26887,"comment_status":"open","ping_status":"open","sticky":false,"template":"","format":"standard","meta":{"om_disable_all_campaigns":false,"_uf_show_specific_survey":0,"_uf_disable_surveys":false},"categories":[71,68],"tags":[],"aioseo_notices":[],"_links":{"self":[{"href":"https:\/\/elconspirador.com.mx\/index.php?rest_route=\/wp\/v2\/posts\/26886"}],"collection":[{"href":"https:\/\/elconspirador.com.mx\/index.php?rest_route=\/wp\/v2\/posts"}],"about":[{"href":"https:\/\/elconspirador.com.mx\/index.php?rest_route=\/wp\/v2\/types\/post"}],"author":[{"embeddable":true,"href":"https:\/\/elconspirador.com.mx\/index.php?rest_route=\/wp\/v2\/users\/1"}],"replies":[{"embeddable":true,"href":"https:\/\/elconspirador.com.mx\/index.php?rest_route=%2Fwp%2Fv2%2Fcomments&post=26886"}],"version-history":[{"count":1,"href":"https:\/\/elconspirador.com.mx\/index.php?rest_route=\/wp\/v2\/posts\/26886\/revisions"}],"predecessor-version":[{"id":26888,"href":"https:\/\/elconspirador.com.mx\/index.php?rest_route=\/wp\/v2\/posts\/26886\/revisions\/26888"}],"wp:featuredmedia":[{"embeddable":true,"href":"https:\/\/elconspirador.com.mx\/index.php?rest_route=\/wp\/v2\/media\/26887"}],"wp:attachment":[{"href":"https:\/\/elconspirador.com.mx\/index.php?rest_route=%2Fwp%2Fv2%2Fmedia&parent=26886"}],"wp:term":[{"taxonomy":"category","embeddable":true,"href":"https:\/\/elconspirador.com.mx\/index.php?rest_route=%2Fwp%2Fv2%2Fcategories&post=26886"},{"taxonomy":"post_tag","embeddable":true,"href":"https:\/\/elconspirador.com.mx\/index.php?rest_route=%2Fwp%2Fv2%2Ftags&post=26886"}],"curies":[{"name":"wp","href":"https:\/\/api.w.org\/{rel}","templated":true}]}}