{"id":26904,"date":"2023-05-19T14:04:13","date_gmt":"2023-05-19T20:04:13","guid":{"rendered":"https:\/\/elconspirador.com.mx\/?p=26904"},"modified":"2023-05-19T14:04:13","modified_gmt":"2023-05-19T20:04:13","slug":"sorpresas-en-la-nueva-lista-de-seleccionados-mexicanos","status":"publish","type":"post","link":"https:\/\/elconspirador.com.mx\/?p=26904","title":{"rendered":"SORPRESAS EN LA NUEVA LISTA DE SELECCIONADOS MEXICANOS"},"content":{"rendered":"<p>Sin Javier \u201cChicharito\u201d Hern\u00e1ndez, V\u00edctor \u201cPocho\u201d Guzm\u00e1n y sin Hirving Lozano, se dio a conocer la lista de 40 jugadores que conforman la convocatoria preliminar de la Selecci\u00f3n Mexicana de cara a la actividad de la Nations League.<\/p>\n<p>El \u201cChucky\u201d, una de las m\u00e1s notorias ausencias de este llamado, no fue tomado en cuenta por el estratega Diego Cocca debido a la lesi\u00f3n de rodilla que presenta desde hace unas semanas, misma que lo mantendr\u00eda al margen del Final Four. En la lista tampoco figuran Alfonso Gonz\u00e1lez o H\u00e9ctor Moreno de Rayados.<\/p>\n<p>&nbsp;<\/p>\n<p data-reader-unique-id=\"18\">Destacan los nombres de <strong data-reader-unique-id=\"19\">Miguel \u201cWacho\u201d Jim\u00e9nez<\/strong> y <strong data-reader-unique-id=\"20\">Jes\u00fas Gilberto Orozco Chiquete<\/strong>, aunque el zaguero de Chivas ya hab\u00eda sido tomado en cuenta para el microciclo de marzo en las instalaciones del CAR, otros tantos repiten con respecto a la \u00faltima convocatoria de Cocca como; Aldo Rocha, Fernando Beltr\u00e1n, Gilberto Sep\u00falveda, Ozziel Herrera, Alan Cervantes y V\u00edctor Guzm\u00e1n de Monterrey.<\/p>\n<p data-reader-unique-id=\"21\">Esta convocatoria representa el regreso de <strong data-reader-unique-id=\"22\">Jes\u00fas Manuel Corona <\/strong>al Tri, luego de la fractura de peron\u00e9 y ligamentos del tobillo izquierdo que sufri\u00f3 en agosto del a\u00f1o pasado y que lo dej\u00f3 fuera del <strong data-reader-unique-id=\"23\">Mundial de Qatar.<\/strong> El \u201cTecatito\u201d ha recuperado regularidad con el Sevilla y es considerado para enfrentar al cuadro de las barras y las estrellas.<\/p>\n<p data-reader-unique-id=\"24\">Esta lista podr\u00eda confirmar la base para la Copa Oro, a la espera de la incorporaci\u00f3n de nuevos nombres y la salida de otros tantos elementos que no disputar\u00e1n ambos torneos durante el verano.<\/p>\n<p data-reader-unique-id=\"70\"><strong data-reader-unique-id=\"71\">PORTEROS:<\/strong><\/p>\n<p data-reader-unique-id=\"72\">Carlos Acevedo L\u00f3pez, Santos.<\/p>\n<p data-reader-unique-id=\"73\">Miguel Jim\u00e9nez Ponce, Guadalajara.<\/p>\n<p data-reader-unique-id=\"74\">Luis \u00c1ngel Malag\u00f3n, Am\u00e9rica.<\/p>\n<p data-reader-unique-id=\"75\">Guillermo Ochoa, Salernitana.<\/p>\n<p data-reader-unique-id=\"76\">Jos\u00e9 Antonio Rodr\u00edguez, Tijuana.<\/p>\n<p data-reader-unique-id=\"77\"><strong data-reader-unique-id=\"78\">DEFENSAS:<\/strong><\/p>\n<p data-reader-unique-id=\"79\">Kevin \u00c1lvarez, Pachuca.<\/p>\n<p data-reader-unique-id=\"80\">Jes\u00fas Alberto Angulo, Tigres.<\/p>\n<p data-reader-unique-id=\"81\">N\u00e9stor Araujo, Am\u00e9rica.<\/p>\n<p data-reader-unique-id=\"82\">Juli\u00e1n Araujo, Barcelona.<\/p>\n<p data-reader-unique-id=\"83\">Gerardo Arteaga, KRC Genk.<\/p>\n<p data-reader-unique-id=\"84\">Israel Reyes, Am\u00e9rica.<\/p>\n<p data-reader-unique-id=\"85\">Jes\u00fas Orozco Chiquete, Guadalajara.<\/p>\n<p data-reader-unique-id=\"86\">V\u00edctor Guzm\u00e1n, Monterrey.<\/p>\n<p data-reader-unique-id=\"87\">Omar Campos, Santos.<\/p>\n<p data-reader-unique-id=\"88\">Cesar Montes, RCD Espanyol.<\/p>\n<p data-reader-unique-id=\"89\">Luis Romo, Monterrey.<\/p>\n<p data-reader-unique-id=\"90\">Jorge S\u00e1nchez, AFC Ajax.<\/p>\n<p data-reader-unique-id=\"91\">Gilberto Sep\u00falveda, Guadalajara.<\/p>\n<p data-reader-unique-id=\"92\">Johan V\u00e1zquez, US Cremonese.<\/p>\n<p data-reader-unique-id=\"93\"><strong data-reader-unique-id=\"94\">MEDIOS:<\/strong><\/p>\n<p data-reader-unique-id=\"95\">Roberto Alvarado, Guadalajara.<\/p>\n<p data-reader-unique-id=\"96\">Edson \u00c1lvarez, AFC Ajax.<\/p>\n<p data-reader-unique-id=\"97\">Fernando Beltr\u00e1n, Guadalajara.<\/p>\n<p data-reader-unique-id=\"98\">Alan Cervantes, Santos.<\/p>\n<p data-reader-unique-id=\"99\">Luis Ch\u00e1vez, Pachuca.<\/p>\n<p data-reader-unique-id=\"100\">Sebasti\u00e1n C\u00f3rdova, Tigres.<\/p>\n<p data-reader-unique-id=\"101\">Jes\u00fas Gallardo, Monterrey.<\/p>\n<p data-reader-unique-id=\"102\">Erick Guti\u00e9rrez, PSV Eindhoven.<\/p>\n<p data-reader-unique-id=\"103\">Aldo Rocha, Atlas.<\/p>\n<p data-reader-unique-id=\"104\">Diego Lainez, Tigres.<\/p>\n<p data-reader-unique-id=\"105\">Orbel\u00edn Pineda, AEK Athens.<\/p>\n<p data-reader-unique-id=\"106\">Carlos Rodr\u00edguez, Cruz Azul.<\/p>\n<p data-reader-unique-id=\"107\"><strong data-reader-unique-id=\"108\">DELANTEROS:<\/strong><\/p>\n<p data-reader-unique-id=\"109\">Uriel Antuna, Cruz Azul.<\/p>\n<p data-reader-unique-id=\"110\">Jes\u00fas Manuel Corona, Sevilla FC.<\/p>\n<p data-reader-unique-id=\"111\">Roberto de la Rosa, Pachuca.<\/p>\n<p data-reader-unique-id=\"112\">Santiago Gimenez, Feyenoord.<\/p>\n<p data-reader-unique-id=\"113\">Ra\u00fal Jim\u00e9nez, Wolverhampton.<\/p>\n<p data-reader-unique-id=\"114\">Ozziel Herrera, Atlas.<\/p>\n<p data-reader-unique-id=\"115\">Henry Mart\u00edn, Am\u00e9rica.<\/p>\n<p data-reader-unique-id=\"116\">Erick S\u00e1nchez, Pachuca.<\/p>\n<p data-reader-unique-id=\"117\">Alexis Vega, Guadalajara.<\/p>\n<p data-reader-unique-id=\"118\"><strong data-reader-unique-id=\"119\">LOS PARTIDOS:<\/strong><\/p>\n<p data-reader-unique-id=\"120\">15 de junio \/ Estados Unidos vs M\u00e9xico \/ 20:00 hora de CDMX \/ Allegian Stadium, Las Vegas, Nevada.<\/p>\n<p data-reader-unique-id=\"121\"><strong data-reader-unique-id=\"122\">TERCER LUGAR<\/strong><\/p>\n<p data-reader-unique-id=\"123\">Domingo 18 de junio \/ 16:00 hora de CDMX \/ Allegian Stadium, Las Vegas, Nevada.<\/p>\n<p data-reader-unique-id=\"124\"><strong data-reader-unique-id=\"125\">FINAL:<\/strong><\/p>\n<p data-reader-unique-id=\"126\">Domingo 18 de junio \/ 18:30 hora de CDMX \/ Allegian Stadium, Las Vegas, Nevada.<\/p>\n","protected":false},"excerpt":{"rendered":"<p>Sin Javier \u201cChicharito\u201d Hern\u00e1ndez, V\u00edctor \u201cPocho\u201d Guzm\u00e1n y sin Hirving Lozano, se dio a conocer la lista de 40 jugadores que conforman la convocatoria preliminar de la Selecci\u00f3n Mexicana de cara a la actividad de la Nations League. El \u201cChucky\u201d, una de las m\u00e1s notorias ausencias de este llamado, no fue tomado en cuenta por el estratega Diego Cocca debido<\/p>\n<div class=\"h10\"><\/div>\n<p><a class=\"more-link2 flat\" href=\"https:\/\/elconspirador.com.mx\/?p=26904\">Leer m\u00e1s<\/a><\/p>\n","protected":false},"author":1,"featured_media":26905,"comment_status":"open","ping_status":"open","sticky":false,"template":"","format":"standard","meta":{"om_disable_all_campaigns":false,"_uf_show_specific_survey":0,"_uf_disable_surveys":false},"categories":[70],"tags":[],"aioseo_notices":[],"_links":{"self":[{"href":"https:\/\/elconspirador.com.mx\/index.php?rest_route=\/wp\/v2\/posts\/26904"}],"collection":[{"href":"https:\/\/elconspirador.com.mx\/index.php?rest_route=\/wp\/v2\/posts"}],"about":[{"href":"https:\/\/elconspirador.com.mx\/index.php?rest_route=\/wp\/v2\/types\/post"}],"author":[{"embeddable":true,"href":"https:\/\/elconspirador.com.mx\/index.php?rest_route=\/wp\/v2\/users\/1"}],"replies":[{"embeddable":true,"href":"https:\/\/elconspirador.com.mx\/index.php?rest_route=%2Fwp%2Fv2%2Fcomments&post=26904"}],"version-history":[{"count":3,"href":"https:\/\/elconspirador.com.mx\/index.php?rest_route=\/wp\/v2\/posts\/26904\/revisions"}],"predecessor-version":[{"id":26914,"href":"https:\/\/elconspirador.com.mx\/index.php?rest_route=\/wp\/v2\/posts\/26904\/revisions\/26914"}],"wp:featuredmedia":[{"embeddable":true,"href":"https:\/\/elconspirador.com.mx\/index.php?rest_route=\/wp\/v2\/media\/26905"}],"wp:attachment":[{"href":"https:\/\/elconspirador.com.mx\/index.php?rest_route=%2Fwp%2Fv2%2Fmedia&parent=26904"}],"wp:term":[{"taxonomy":"category","embeddable":true,"href":"https:\/\/elconspirador.com.mx\/index.php?rest_route=%2Fwp%2Fv2%2Fcategories&post=26904"},{"taxonomy":"post_tag","embeddable":true,"href":"https:\/\/elconspirador.com.mx\/index.php?rest_route=%2Fwp%2Fv2%2Ftags&post=26904"}],"curies":[{"name":"wp","href":"https:\/\/api.w.org\/{rel}","templated":true}]}}