{"id":26958,"date":"2023-05-20T16:53:15","date_gmt":"2023-05-20T22:53:15","guid":{"rendered":"https:\/\/elconspirador.com.mx\/?p=26958"},"modified":"2023-05-20T16:53:15","modified_gmt":"2023-05-20T22:53:15","slug":"alertan-de-mayor-actividad-en-el-popocatepetl","status":"publish","type":"post","link":"https:\/\/elconspirador.com.mx\/?p=26958","title":{"rendered":"ALERTAN DE MAYOR ACTIVIDAD EN EL POPOCAT\u00c9PETL"},"content":{"rendered":"<p>En las pr\u00f3ximas horas, el volc\u00e1n Popocat\u00e9petl continuar\u00e1 con el pulso eruptivo, caracterizado por una se\u00f1al s\u00edsmica de tremor, asociada a la salida de vapor de agua, gas y ceniza en cantidades bajas a moderadas y la emisi\u00f3n continua de fragmentos incandescentes.<\/p>\n<p>De acuerdo con la Coordinaci\u00f3n Nacional de Protecci\u00f3n Civil, el Centro Nacional de Prevenci\u00f3n de Desastres y la Secretar\u00eda de Seguridad y Protecci\u00f3n Ciudadana, el escenario m\u00e1s posible en el corto plazo consiste en una actividad similar a la que se ha presentado recientemente, caracterizada por explosiones de tama\u00f1o menor, algunas moderadas y ocasionalmente grandes, acompa\u00f1adas por emisiones de ceniza y fragmentos incandescentes, dentro del radio de exclusi\u00f3n de 12 kil\u00f3metros.<\/p>\n<p>A trav\u00e9s de un comunicado de prensa, se dio a conocer que en el transcurso del d\u00eda se reunir\u00e1 el Comit\u00e9 Cient\u00edfico Asesor, integrado por personal de la Universidad Nacional Aut\u00f3noma de M\u00e9xico (UNAM), Universidad de Colima (UC) y del CENAPRED, para analizar la informaci\u00f3n disponible y emitir las recomendaciones que el caso amerite.<\/p>\n<p>Se ha desplegado una misi\u00f3n de Enlace y Coordinaci\u00f3n Operativa (ECO) al estado de Puebla para coordinar con las autoridades locales acciones de preparaci\u00f3n en el marco del Plan Operativo Homologado del Volc\u00e1n Popocat\u00e9petl.<\/p>\n<p>A su vez, pidieron a la poblaci\u00f3n respetar el radio de seguridad de 12 km y a informarse por medio de fuentes oficiales y hacer caso omiso de rumores.<\/p>\n<p>Popocat\u00e9petl permanece en Semaforo Amarillo Fase 2<\/p>\n<p>Al momento, la actividad del volc\u00e1n recuper\u00f3 sus niveles previos, por lo que se mantiene el sem\u00e1foro de alerta volc\u00e1nica en el nivel Amarillo Fase 2.<\/p>\n<p>Cabe destacar que a partir de las 18:00h de ayer, aproximadamente, dio inicio un pulso eruptivo, caracterizado por una se\u00f1al s\u00edsmica de tremor, asociada a la salida de vapor de agua, gas y ceniza en cantidades bajas a moderadas y la emisi\u00f3n continua de fragmentos incandescentes, que cayeron sobre las laderas del volc\u00e1n a una distancia promedio de 1.5 km; dicho episodio termin\u00f3 cerca de las 4:00h del d\u00eda de hoy.<\/p>\n<p>Debido a los vientos dominantes, la pluma de ceniza fue desplazada hacia el norte-noroeste, report\u00e1ndose ca\u00edda de ceniza ligera en las alcald\u00edas Venustiano Carranza, Gustavo. A Madero, Azcapotzalco, Tlalpan e Iztapalapa, as\u00ed como en municipios del Estado de M\u00e9xico: Amecameca, Ayapango, Ozumba, Ecatzingo, Atlautla, Chalco, Temamatla, Tenango del Aire, Tlalmanalco, Juchitepec, Cocotitl\u00e1n, Tepetlixpa y Atlautla.<\/p>\n<p>Durante el transcurso de la ma\u00f1ana se determin\u00f3 el cierre de operaciones del Aeropuerto Internacional de la Ciudad de M\u00e9xico (AICM) y del Aeropuerto Internacional Felipe \u00c1ngeles (AIFA) en ambos se lleva a cabo la limpieza de pistas.<\/p>\n<p>A las 10 de la ma\u00f1ana tanto el AICM y el AIFA, reanudaron sus operaciones con el t\u00e9rmino de la limpieza de las pistas de aterrizaje y despegue, adem\u00e1s de encontrar favorable el clima en la ciudad y Estado de M\u00e9xico.<\/p>\n<p>Cabe se\u00f1alar que este tipo de actividad ya ha sido observada en varias ocasiones y ha estado asociada a la formaci\u00f3n de un domo de lava, contemplado en nivel Amarillo Fase 2 del sem\u00e1foro de alerta volc\u00e1nica, y que no rebasa los niveles de episodios intensos observados en a\u00f1os anteriores, como el caso de 2012-2013 o 2019.<\/p>\n","protected":false},"excerpt":{"rendered":"<p>En las pr\u00f3ximas horas, el volc\u00e1n Popocat\u00e9petl continuar\u00e1 con el pulso eruptivo, caracterizado por una se\u00f1al s\u00edsmica de tremor, asociada a la salida de vapor de agua, gas y ceniza en cantidades bajas a moderadas y la emisi\u00f3n continua de fragmentos incandescentes. De acuerdo con la Coordinaci\u00f3n Nacional de Protecci\u00f3n Civil, el Centro Nacional de Prevenci\u00f3n de Desastres y la<\/p>\n<div class=\"h10\"><\/div>\n<p><a class=\"more-link2 flat\" href=\"https:\/\/elconspirador.com.mx\/?p=26958\">Leer m\u00e1s<\/a><\/p>\n","protected":false},"author":1,"featured_media":26959,"comment_status":"open","ping_status":"open","sticky":false,"template":"","format":"standard","meta":{"om_disable_all_campaigns":false,"_uf_show_specific_survey":0,"_uf_disable_surveys":false},"categories":[68],"tags":[],"aioseo_notices":[],"_links":{"self":[{"href":"https:\/\/elconspirador.com.mx\/index.php?rest_route=\/wp\/v2\/posts\/26958"}],"collection":[{"href":"https:\/\/elconspirador.com.mx\/index.php?rest_route=\/wp\/v2\/posts"}],"about":[{"href":"https:\/\/elconspirador.com.mx\/index.php?rest_route=\/wp\/v2\/types\/post"}],"author":[{"embeddable":true,"href":"https:\/\/elconspirador.com.mx\/index.php?rest_route=\/wp\/v2\/users\/1"}],"replies":[{"embeddable":true,"href":"https:\/\/elconspirador.com.mx\/index.php?rest_route=%2Fwp%2Fv2%2Fcomments&post=26958"}],"version-history":[{"count":1,"href":"https:\/\/elconspirador.com.mx\/index.php?rest_route=\/wp\/v2\/posts\/26958\/revisions"}],"predecessor-version":[{"id":26960,"href":"https:\/\/elconspirador.com.mx\/index.php?rest_route=\/wp\/v2\/posts\/26958\/revisions\/26960"}],"wp:featuredmedia":[{"embeddable":true,"href":"https:\/\/elconspirador.com.mx\/index.php?rest_route=\/wp\/v2\/media\/26959"}],"wp:attachment":[{"href":"https:\/\/elconspirador.com.mx\/index.php?rest_route=%2Fwp%2Fv2%2Fmedia&parent=26958"}],"wp:term":[{"taxonomy":"category","embeddable":true,"href":"https:\/\/elconspirador.com.mx\/index.php?rest_route=%2Fwp%2Fv2%2Fcategories&post=26958"},{"taxonomy":"post_tag","embeddable":true,"href":"https:\/\/elconspirador.com.mx\/index.php?rest_route=%2Fwp%2Fv2%2Ftags&post=26958"}],"curies":[{"name":"wp","href":"https:\/\/api.w.org\/{rel}","templated":true}]}}