{"id":27002,"date":"2023-05-21T18:02:28","date_gmt":"2023-05-22T00:02:28","guid":{"rendered":"https:\/\/elconspirador.com.mx\/?p=27002"},"modified":"2023-05-21T18:03:57","modified_gmt":"2023-05-22T00:03:57","slug":"a-clases-virtuales-en-puebla-por-ceniza-del-popocatepetl","status":"publish","type":"post","link":"https:\/\/elconspirador.com.mx\/?p=27002","title":{"rendered":"A CLASES VIRTUALES EN PUEBLA POR CENIZA DEL POPOCAT\u00c9PETL"},"content":{"rendered":"<p>Las autoridades de Protecci\u00f3n Civil informaron que debido a la actividad del volc\u00e1n Popocat\u00e9petl, la alerta pasar\u00eda al Amarillo Fase 3, trayendo consigo algunas medidas extraordinarias para la poblaci\u00f3n local como el regreso de las clases a distancia para evitar que los ni\u00f1os se expongan a las cenizas.<\/p>\n<p>Fue a trav\u00e9s de la Secretar\u00eda de Educaci\u00f3n en Puebla como se inform\u00f3 que 24 municipios ubicados en zonas de emergencia del volc\u00e1n tendr\u00e1s que atender los reci\u00e9n publicados \u201cLineamientos de prevenci\u00f3n sanitaria que habr\u00e1n de cumplirse en todas las instituciones del sistema educativo estatal\u201d.<\/p>\n<p>Esto son los municipios involucrados:<\/p>\n<p>Acteopan<br \/>\nAtlixco,<br \/>\nAtzitzihuac\u00e1n,<br \/>\nCalpan,<br \/>\nChiautzingo,<br \/>\nCohuecan,<br \/>\nDomingo Arenas,<br \/>\nHuaquechula,<br \/>\nHuejotzingo,<br \/>\nNealtican,<br \/>\nSan Diego la Mesa Tochimiltzingo,<br \/>\nSan Felipe Tepemaxalco,<br \/>\nSan Gregorio Atzompa,<br \/>\nSan Jer\u00f3nimo Tecuanipan,<br \/>\nSan Nicol\u00e1s de los Ranchos,<br \/>\nSanta Isabel Cholula,<br \/>\nTeopantl\u00e1n,<br \/>\nTepeojuma,<br \/>\nTepexco,<br \/>\nTianguismanalco,<br \/>\nTilapa,<br \/>\nTlapanal\u00e1,<br \/>\nTochimilco<br \/>\nJuan C. Bonilla<br \/>\nLa dependencia agreg\u00f3 que las principales medidas se\u00f1aladas en el acuerdo son: establecer comunicaci\u00f3n de manera permanente, as\u00ed como la organizaci\u00f3n de una forma de trabajo con base a las necesidades de las y los estudiantes de todos los niveles.<\/p>\n<p>Indicaron que para este periodo se har\u00e1 uso de materiales educativos que van de libros de texto gratuitos, hasta los apuntes de los trabajos elaborados con anterioridad, cuadernillos y material de apoyo accesible acorde al contexto de los alumnos, pues buscan evitar gastos extra para las familias.<\/p>\n<p>Por otra parte, indicaron algunas restricciones m\u00e9dicas impuestas por la Secretar\u00eda de Salud del Estado de Puebla, y son las siguientes: promover el uso de cubrebocas dentro y fuera del aula, cerrar ventanas o cubrirlas y permanecer lo m\u00e1s posible dentro de los salones de clases. En cuanto a las materias que requer\u00edan actividades al aire libre como educaci\u00f3n f\u00edsica, tendr\u00e1n que ser modificadas hasta nuevo aviso para que pasen hasta un espacio cerrado.<\/p>\n<p>Cr\u00e9dito: Cuartoscuro<br \/>\nPor \u00faltimo, solicitaron la ayuda de los municipios que se apoye a la poblaci\u00f3n en vigilancia y resguardo de los planteles educativos con agentes de la polic\u00eda de Seguridad P\u00fablica; y se comprometieron tambi\u00e9n a dar informes constantes del regreso a clases.<\/p>\n<p>D\u00f3nde se pueden tomar clases<\/p>\n<p>A trav\u00e9s de la televisi\u00f3n, los niveles de primaria y preescolar pueden tomar clases de lunes a viernes. Exclusivamente se transmitir\u00e1n por el canal 11.2 de televisi\u00f3n abierta, de 6:00 a 16:00 horas; en cuanto al nivel secundaria, podr\u00e1n hacerlo en el canal 14.2 de Ingenio TV, de 8:00 a 15:30 horas, tambi\u00e9n por televisi\u00f3n abierta.<\/p>\n<p>Tambi\u00e9n se puede hacer a trav\u00e9s de internet en el portal de Aprende en Casa, con programaci\u00f3n semanal y fichas de clase, as\u00ed como enlaces a libros de texto. Est\u00e1n disponibles en los niveles de educaci\u00f3n inicial, preescolar, primaria y secundaria, consultadas por grado, semana y d\u00eda.<\/p>\n","protected":false},"excerpt":{"rendered":"<p>Las autoridades de Protecci\u00f3n Civil informaron que debido a la actividad del volc\u00e1n Popocat\u00e9petl, la alerta pasar\u00eda al Amarillo Fase 3, trayendo consigo algunas medidas extraordinarias para la poblaci\u00f3n local como el regreso de las clases a distancia para evitar que los ni\u00f1os se expongan a las cenizas. Fue a trav\u00e9s de la Secretar\u00eda de Educaci\u00f3n en Puebla como se<\/p>\n<div class=\"h10\"><\/div>\n<p><a class=\"more-link2 flat\" href=\"https:\/\/elconspirador.com.mx\/?p=27002\">Leer m\u00e1s<\/a><\/p>\n","protected":false},"author":1,"featured_media":27003,"comment_status":"open","ping_status":"open","sticky":false,"template":"","format":"standard","meta":{"om_disable_all_campaigns":false,"_uf_show_specific_survey":0,"_uf_disable_surveys":false},"categories":[68],"tags":[],"aioseo_notices":[],"_links":{"self":[{"href":"https:\/\/elconspirador.com.mx\/index.php?rest_route=\/wp\/v2\/posts\/27002"}],"collection":[{"href":"https:\/\/elconspirador.com.mx\/index.php?rest_route=\/wp\/v2\/posts"}],"about":[{"href":"https:\/\/elconspirador.com.mx\/index.php?rest_route=\/wp\/v2\/types\/post"}],"author":[{"embeddable":true,"href":"https:\/\/elconspirador.com.mx\/index.php?rest_route=\/wp\/v2\/users\/1"}],"replies":[{"embeddable":true,"href":"https:\/\/elconspirador.com.mx\/index.php?rest_route=%2Fwp%2Fv2%2Fcomments&post=27002"}],"version-history":[{"count":3,"href":"https:\/\/elconspirador.com.mx\/index.php?rest_route=\/wp\/v2\/posts\/27002\/revisions"}],"predecessor-version":[{"id":27006,"href":"https:\/\/elconspirador.com.mx\/index.php?rest_route=\/wp\/v2\/posts\/27002\/revisions\/27006"}],"wp:featuredmedia":[{"embeddable":true,"href":"https:\/\/elconspirador.com.mx\/index.php?rest_route=\/wp\/v2\/media\/27003"}],"wp:attachment":[{"href":"https:\/\/elconspirador.com.mx\/index.php?rest_route=%2Fwp%2Fv2%2Fmedia&parent=27002"}],"wp:term":[{"taxonomy":"category","embeddable":true,"href":"https:\/\/elconspirador.com.mx\/index.php?rest_route=%2Fwp%2Fv2%2Fcategories&post=27002"},{"taxonomy":"post_tag","embeddable":true,"href":"https:\/\/elconspirador.com.mx\/index.php?rest_route=%2Fwp%2Fv2%2Ftags&post=27002"}],"curies":[{"name":"wp","href":"https:\/\/api.w.org\/{rel}","templated":true}]}}