{"id":28230,"date":"2023-06-09T09:28:56","date_gmt":"2023-06-09T15:28:56","guid":{"rendered":"https:\/\/elconspirador.com.mx\/?p=28230"},"modified":"2023-06-09T09:28:56","modified_gmt":"2023-06-09T15:28:56","slug":"olvida-a-su-bebe-de-11-meses-en-el-auto-murio-por-calor","status":"publish","type":"post","link":"https:\/\/elconspirador.com.mx\/?p=28230","title":{"rendered":"OLVIDA A SU BEB\u00c9 DE 11 MESES EN EL AUTO, MURI\u00d3 POR CALOR"},"content":{"rendered":"<p data-reader-unique-id=\"1\">Un beb\u00e9 de 11 meses de edad, muri\u00f3 tras ser olvidado por su padre en su veh\u00edculo en la zona de Cecchignola, Italia;<strong data-reader-unique-id=\"2\"> el hombre crey\u00f3 que su hija estaba en la guarder\u00eda.<\/strong><\/p>\n<p data-reader-unique-id=\"3\">De acuerdo con el diario La Vanguardia, el pap\u00e1 de 45 a\u00f1os y que es polic\u00eda\u00a0<span data-tbw-flag=\"true\" data-reader-unique-id=\"4\">&#8220;estaba convencido de que hab\u00eda llevado a Stella a la Guarder\u00eda, como todas las ma\u00f1anas. <strong data-reader-unique-id=\"5\">Tambi\u00e9n habl\u00e9 con mi esposa alrededor de las once para acordar entre nosotros qui\u00e9n la recoger\u00eda.<\/strong> Pens\u00e9 que lo hab\u00eda hecho&#8221;, dijo Sandro.<\/span><\/p>\n<p data-reader-unique-id=\"23\"><span data-tbw-flag=\"true\" data-reader-unique-id=\"24\">El hombre fue interrogado por sus compa\u00f1eros de profesi\u00f3n, adem\u00e1s de <strong data-reader-unique-id=\"25\">ser investigado por negligencia<\/strong> y un delito de abandono de menores.<\/span><\/p>\n<p data-reader-unique-id=\"26\">La menor fue abandonada en el veh\u00edculo estacionado frente a la oficina de la Direcci\u00f3n General de Personal Militar,<strong data-reader-unique-id=\"27\"> lugar de trabajo del padre y tambi\u00e9n cercana a la escuela infantil.\u00a0<\/strong><\/p>\n<p data-reader-unique-id=\"28\">Por lo menor, siete horas permaneci\u00f3 la ni\u00f1a sentada en la silla de beb\u00e9s<strong data-reader-unique-id=\"29\">. Se cree que Stella no soport\u00f3 las altas temperaturas <\/strong>y tambi\u00e9n que no fue alimentada.<\/p>\n","protected":false},"excerpt":{"rendered":"<p>Un beb\u00e9 de 11 meses de edad, muri\u00f3 tras ser olvidado por su padre en su veh\u00edculo en la zona de Cecchignola, Italia; el hombre crey\u00f3 que su hija estaba en la guarder\u00eda. De acuerdo con el diario La Vanguardia, el pap\u00e1 de 45 a\u00f1os y que es polic\u00eda\u00a0&#8220;estaba convencido de que hab\u00eda llevado a Stella a la Guarder\u00eda, como<\/p>\n<div class=\"h10\"><\/div>\n<p><a class=\"more-link2 flat\" href=\"https:\/\/elconspirador.com.mx\/?p=28230\">Leer m\u00e1s<\/a><\/p>\n","protected":false},"author":1,"featured_media":28232,"comment_status":"open","ping_status":"open","sticky":false,"template":"","format":"standard","meta":{"om_disable_all_campaigns":false,"_uf_show_specific_survey":0,"_uf_disable_surveys":false},"categories":[1],"tags":[],"aioseo_notices":[],"_links":{"self":[{"href":"https:\/\/elconspirador.com.mx\/index.php?rest_route=\/wp\/v2\/posts\/28230"}],"collection":[{"href":"https:\/\/elconspirador.com.mx\/index.php?rest_route=\/wp\/v2\/posts"}],"about":[{"href":"https:\/\/elconspirador.com.mx\/index.php?rest_route=\/wp\/v2\/types\/post"}],"author":[{"embeddable":true,"href":"https:\/\/elconspirador.com.mx\/index.php?rest_route=\/wp\/v2\/users\/1"}],"replies":[{"embeddable":true,"href":"https:\/\/elconspirador.com.mx\/index.php?rest_route=%2Fwp%2Fv2%2Fcomments&post=28230"}],"version-history":[{"count":1,"href":"https:\/\/elconspirador.com.mx\/index.php?rest_route=\/wp\/v2\/posts\/28230\/revisions"}],"predecessor-version":[{"id":28231,"href":"https:\/\/elconspirador.com.mx\/index.php?rest_route=\/wp\/v2\/posts\/28230\/revisions\/28231"}],"wp:featuredmedia":[{"embeddable":true,"href":"https:\/\/elconspirador.com.mx\/index.php?rest_route=\/wp\/v2\/media\/28232"}],"wp:attachment":[{"href":"https:\/\/elconspirador.com.mx\/index.php?rest_route=%2Fwp%2Fv2%2Fmedia&parent=28230"}],"wp:term":[{"taxonomy":"category","embeddable":true,"href":"https:\/\/elconspirador.com.mx\/index.php?rest_route=%2Fwp%2Fv2%2Fcategories&post=28230"},{"taxonomy":"post_tag","embeddable":true,"href":"https:\/\/elconspirador.com.mx\/index.php?rest_route=%2Fwp%2Fv2%2Ftags&post=28230"}],"curies":[{"name":"wp","href":"https:\/\/api.w.org\/{rel}","templated":true}]}}