{"id":28234,"date":"2023-06-09T13:31:14","date_gmt":"2023-06-09T19:31:14","guid":{"rendered":"https:\/\/elconspirador.com.mx\/?p=28234"},"modified":"2023-06-09T13:31:14","modified_gmt":"2023-06-09T19:31:14","slug":"verifican-zonas-de-riesgo-en-la-sierra","status":"publish","type":"post","link":"https:\/\/elconspirador.com.mx\/?p=28234","title":{"rendered":"VERIFICAN ZONAS DE RIESGO EN LA SIERRA"},"content":{"rendered":"<p>Como parte de las estrategias de prevenci\u00f3n para la temporada de lluvias de 2023, el titular de la Coordinaci\u00f3n Estatal de Protecci\u00f3n Civil de Quer\u00e9taro (CEPCQ), Javier Amaya Torres, realiz\u00f3 un recorrido de supervisi\u00f3n para la identificaci\u00f3n de posibles riesgos y zonas vulnerables en los municipios de Pinal de Amoles y Jalpan de Serra.<\/p>\n<p>&nbsp;<\/p>\n<p>Estas acciones fueron realizadas en conjunto con personal operativo y directivo de las coordinaciones municipales de Protecci\u00f3n Civil, mediante recorridos terrestres, a fin de evitar riesgos a la poblaci\u00f3n a causa de las precipitaciones pluviales.<\/p>\n","protected":false},"excerpt":{"rendered":"<p>Como parte de las estrategias de prevenci\u00f3n para la temporada de lluvias de 2023, el titular de la Coordinaci\u00f3n Estatal de Protecci\u00f3n Civil de Quer\u00e9taro (CEPCQ), Javier Amaya Torres, realiz\u00f3 un recorrido de supervisi\u00f3n para la identificaci\u00f3n de posibles riesgos y zonas vulnerables en los municipios de Pinal de Amoles y Jalpan de Serra. &nbsp; Estas acciones fueron realizadas en<\/p>\n<div class=\"h10\"><\/div>\n<p><a class=\"more-link2 flat\" href=\"https:\/\/elconspirador.com.mx\/?p=28234\">Leer m\u00e1s<\/a><\/p>\n","protected":false},"author":1,"featured_media":28235,"comment_status":"open","ping_status":"open","sticky":false,"template":"","format":"standard","meta":{"om_disable_all_campaigns":false,"_uf_show_specific_survey":0,"_uf_disable_surveys":false},"categories":[1],"tags":[],"aioseo_notices":[],"_links":{"self":[{"href":"https:\/\/elconspirador.com.mx\/index.php?rest_route=\/wp\/v2\/posts\/28234"}],"collection":[{"href":"https:\/\/elconspirador.com.mx\/index.php?rest_route=\/wp\/v2\/posts"}],"about":[{"href":"https:\/\/elconspirador.com.mx\/index.php?rest_route=\/wp\/v2\/types\/post"}],"author":[{"embeddable":true,"href":"https:\/\/elconspirador.com.mx\/index.php?rest_route=\/wp\/v2\/users\/1"}],"replies":[{"embeddable":true,"href":"https:\/\/elconspirador.com.mx\/index.php?rest_route=%2Fwp%2Fv2%2Fcomments&post=28234"}],"version-history":[{"count":1,"href":"https:\/\/elconspirador.com.mx\/index.php?rest_route=\/wp\/v2\/posts\/28234\/revisions"}],"predecessor-version":[{"id":28236,"href":"https:\/\/elconspirador.com.mx\/index.php?rest_route=\/wp\/v2\/posts\/28234\/revisions\/28236"}],"wp:featuredmedia":[{"embeddable":true,"href":"https:\/\/elconspirador.com.mx\/index.php?rest_route=\/wp\/v2\/media\/28235"}],"wp:attachment":[{"href":"https:\/\/elconspirador.com.mx\/index.php?rest_route=%2Fwp%2Fv2%2Fmedia&parent=28234"}],"wp:term":[{"taxonomy":"category","embeddable":true,"href":"https:\/\/elconspirador.com.mx\/index.php?rest_route=%2Fwp%2Fv2%2Fcategories&post=28234"},{"taxonomy":"post_tag","embeddable":true,"href":"https:\/\/elconspirador.com.mx\/index.php?rest_route=%2Fwp%2Fv2%2Ftags&post=28234"}],"curies":[{"name":"wp","href":"https:\/\/api.w.org\/{rel}","templated":true}]}}