{"id":28301,"date":"2023-06-11T20:19:35","date_gmt":"2023-06-12T02:19:35","guid":{"rendered":"https:\/\/elconspirador.com.mx\/?p=28301"},"modified":"2023-06-11T20:19:35","modified_gmt":"2023-06-12T02:19:35","slug":"presentan-en-la-uaq-libro-gamas-de-la-violencia","status":"publish","type":"post","link":"https:\/\/elconspirador.com.mx\/?p=28301","title":{"rendered":"PRESENTAN EN LA UAQ LIBRO \u201cGAMAS DE LA VIOLENCIA\u201d"},"content":{"rendered":"<p>El Centro de Estudios Interdisciplinarios e Investigaciones de G\u00e9nero de la Facultad de Psicolog\u00eda y Educaci\u00f3n (F\u03a8E) de la Universidad Aut\u00f3noma de Quer\u00e9taro (UAQ) llev\u00f3 a cabo la presentaci\u00f3n del libro &#8220;Las gamas de la violencia&#8221;, coordinado por el escritor e investigador, Mtro. Jos\u00e9 Andr\u00e9s D\u00edaz Hern\u00e1ndez.<\/p>\n<p>&nbsp;<\/p>\n<p>El evento, que tuvo lugar en el Auditorio \u201cAdolfo Chac\u00f3n\u201d de la F\u03a8E, cont\u00f3 un panel de comentaristas conformado por la Dra. Nubia Rovelo Escoto, la Dra. Silvia Ruiz Tresgallo, el Mtro. Isa\u00ed Soto Garc\u00eda y la Lic. Nancy Monserrat Reyes Pliego, quienes aportaron a las y los estudiantes sus conocimientos y reflexiones sobre el contenido del libro, enriqueciendo el di\u00e1logo y la comprensi\u00f3n de las distintas manifestaciones de la violencia abordadas en la obra.<\/p>\n<p>&nbsp;<\/p>\n<p>&#8220;Las gamas de la violencia&#8221; es una edici\u00f3n del Fondo Editorial de la UAQ que compila ocho ensayos y estudios de diversos autores, la cual ofrece una mirada interdisciplinaria sobre dicho fen\u00f3meno social. Los cap\u00edtulos de la obra exploran las manifestaciones de la violencia desde perspectivas como la filosof\u00eda, la historia, el psicoan\u00e1lisis, la antropolog\u00eda, la psicolog\u00eda y la literatura; variedad de enfoques que permiten comprender mejor los actos y los sujetos que la perpetran.<\/p>\n<p>&nbsp;<\/p>\n<p>Durante la presentaci\u00f3n, el Mtro. Jos\u00e9 Andr\u00e9s D\u00edaz Hern\u00e1ndez \u2014tambi\u00e9n conocido como Le\u00f3n Andr\u00e9s Dami\u00e1n\u2014 expres\u00f3 su agradecimiento por la oportunidad de compartir este proyecto y resalt\u00f3 la importancia de abordar la violencia desde m\u00faltiples panoramas.<\/p>\n<p>&nbsp;<\/p>\n<p>\u201cEl libro sirve como una forma de presentar diferentes visiones o formas del estudio metodol\u00f3gico en rigor, desde la academia, de lo que son los fen\u00f3menos de violencia contempor\u00e1nea, que es una forma del uso del poder que sirve para gestionar y controlar a las poblaciones\u201d, coment\u00f3 el Mtro. D\u00edaz Hern\u00e1ndez.<\/p>\n<p>&nbsp;<\/p>\n<p>Por su parte, la Dra. Silvia Ruiz Tresgallo calific\u00f3 la obra como un excelente trabajo acad\u00e9mico y un texto necesario dentro de la fase agresiva del capitalismo tard\u00edo que se vive en la actualidad, definida por fen\u00f3menos \u2014como la pandemia por Covid-19\u2014 que constantemente evidencian las m\u00faltiples ramas de la violencia.<\/p>\n<p>&nbsp;<\/p>\n<p>\u201cLos textos aqu\u00ed reunidos no solo invitan a dilucidar las realidades brutales, sanguinarias y crueles que nos interpelan, sino que adem\u00e1s proponen un abanico guiado de instrumentos te\u00f3ricos, conceptos estrat\u00e9gicos y espacios de di\u00e1logo-escritura para interrogar transversalmente algunas mutaciones de las opresiones raciales de clase y g\u00e9nero en el devenir econ\u00f3mico y tecnocient\u00edfico actual\u201d, refiri\u00f3 la tambi\u00e9n investigadora de la Facultad de Lenguas y Letras (FLL) de la M\u00e1xima Casa de Estudios queretana.<\/p>\n","protected":false},"excerpt":{"rendered":"<p>El Centro de Estudios Interdisciplinarios e Investigaciones de G\u00e9nero de la Facultad de Psicolog\u00eda y Educaci\u00f3n (F\u03a8E) de la Universidad Aut\u00f3noma de Quer\u00e9taro (UAQ) llev\u00f3 a cabo la presentaci\u00f3n del libro &#8220;Las gamas de la violencia&#8221;, coordinado por el escritor e investigador, Mtro. Jos\u00e9 Andr\u00e9s D\u00edaz Hern\u00e1ndez. &nbsp; El evento, que tuvo lugar en el Auditorio \u201cAdolfo Chac\u00f3n\u201d de la<\/p>\n<div class=\"h10\"><\/div>\n<p><a class=\"more-link2 flat\" href=\"https:\/\/elconspirador.com.mx\/?p=28301\">Leer m\u00e1s<\/a><\/p>\n","protected":false},"author":1,"featured_media":28302,"comment_status":"open","ping_status":"open","sticky":false,"template":"","format":"standard","meta":{"om_disable_all_campaigns":false,"_uf_show_specific_survey":0,"_uf_disable_surveys":false},"categories":[1],"tags":[],"aioseo_notices":[],"_links":{"self":[{"href":"https:\/\/elconspirador.com.mx\/index.php?rest_route=\/wp\/v2\/posts\/28301"}],"collection":[{"href":"https:\/\/elconspirador.com.mx\/index.php?rest_route=\/wp\/v2\/posts"}],"about":[{"href":"https:\/\/elconspirador.com.mx\/index.php?rest_route=\/wp\/v2\/types\/post"}],"author":[{"embeddable":true,"href":"https:\/\/elconspirador.com.mx\/index.php?rest_route=\/wp\/v2\/users\/1"}],"replies":[{"embeddable":true,"href":"https:\/\/elconspirador.com.mx\/index.php?rest_route=%2Fwp%2Fv2%2Fcomments&post=28301"}],"version-history":[{"count":1,"href":"https:\/\/elconspirador.com.mx\/index.php?rest_route=\/wp\/v2\/posts\/28301\/revisions"}],"predecessor-version":[{"id":28303,"href":"https:\/\/elconspirador.com.mx\/index.php?rest_route=\/wp\/v2\/posts\/28301\/revisions\/28303"}],"wp:featuredmedia":[{"embeddable":true,"href":"https:\/\/elconspirador.com.mx\/index.php?rest_route=\/wp\/v2\/media\/28302"}],"wp:attachment":[{"href":"https:\/\/elconspirador.com.mx\/index.php?rest_route=%2Fwp%2Fv2%2Fmedia&parent=28301"}],"wp:term":[{"taxonomy":"category","embeddable":true,"href":"https:\/\/elconspirador.com.mx\/index.php?rest_route=%2Fwp%2Fv2%2Fcategories&post=28301"},{"taxonomy":"post_tag","embeddable":true,"href":"https:\/\/elconspirador.com.mx\/index.php?rest_route=%2Fwp%2Fv2%2Ftags&post=28301"}],"curies":[{"name":"wp","href":"https:\/\/api.w.org\/{rel}","templated":true}]}}