{"id":28312,"date":"2023-06-11T07:54:34","date_gmt":"2023-06-11T13:54:34","guid":{"rendered":"https:\/\/elconspirador.com.mx\/?p=28312"},"modified":"2023-06-11T07:54:34","modified_gmt":"2023-06-11T13:54:34","slug":"pan-debe-elegir-candidato-a-la-presidencia-inmediatamente-kuri","status":"publish","type":"post","link":"https:\/\/elconspirador.com.mx\/?p=28312","title":{"rendered":"PAN DEBE ELEGIR CANDIDATO A LA PRESIDENCIA INMEDIATAMENTE: KURI"},"content":{"rendered":"<p>El Partido Acci\u00f3n Nacional (PAN) debe acelerar los procesos de elecci\u00f3n de la candidatura presidencial para 2024, consider\u00f3 Mauricio Kuri Gonz\u00e1lez, gobernador de Quer\u00e9taro.<\/p>\n<p>Indic\u00f3 que cada partido est\u00e1 haciendo lo propio para ser competitivo el pr\u00f3ximo a\u00f1o, esto tras ser cuestionado sobre la renuncia de Marcelo Ebrard a la Secretar\u00eda de Relaciones Exteriores (SRE).<\/p>\n<p>\u201cYa cada partido est\u00e1 haciendo sus cuestiones que tienen que hacer para poder ser competitivos para el pr\u00f3ximo a\u00f1o y yo los respeto. Yo creo que la oposici\u00f3n tiene que hacer su trabajo y no ponernos en los zapatos de los ciudadanos, si no caminar con ellos&#8221;, indic\u00f3.<\/p>\n<p>Coment\u00f3 que la decisi\u00f3n de qui\u00e9n es el mejor perfil para contender por la Presidencia de la Rep\u00fablica ser\u00e1 de la dirigencia nacional y apunt\u00f3 que en el caso de Quer\u00e9taro se debe trabajar en la unidad del partido para, tambi\u00e9n, ser competitivos.<\/p>\n<p>\u201cHay que entender los tiempo que se adelantaron a nivel nacional y en Quer\u00e9taro tenemos que estar siempre unidos, sabemos que la f\u00f3rmula que nos hizo llegar a donde estamos ahorita no significa que sea la misma f\u00f3rmula para lo que sigue, pero lo que s\u00ed sabemos es que tenemos que llegar unidos en esta unidad para poder ser competitivos para el pr\u00f3ximo a\u00f1o&#8221;, dijo.<\/p>\n","protected":false},"excerpt":{"rendered":"<p>El Partido Acci\u00f3n Nacional (PAN) debe acelerar los procesos de elecci\u00f3n de la candidatura presidencial para 2024, consider\u00f3 Mauricio Kuri Gonz\u00e1lez, gobernador de Quer\u00e9taro. Indic\u00f3 que cada partido est\u00e1 haciendo lo propio para ser competitivo el pr\u00f3ximo a\u00f1o, esto tras ser cuestionado sobre la renuncia de Marcelo Ebrard a la Secretar\u00eda de Relaciones Exteriores (SRE). \u201cYa cada partido est\u00e1 haciendo<\/p>\n<div class=\"h10\"><\/div>\n<p><a class=\"more-link2 flat\" href=\"https:\/\/elconspirador.com.mx\/?p=28312\">Leer m\u00e1s<\/a><\/p>\n","protected":false},"author":1,"featured_media":28313,"comment_status":"open","ping_status":"open","sticky":false,"template":"","format":"standard","meta":{"om_disable_all_campaigns":false,"_uf_show_specific_survey":0,"_uf_disable_surveys":false},"categories":[1],"tags":[],"aioseo_notices":[],"_links":{"self":[{"href":"https:\/\/elconspirador.com.mx\/index.php?rest_route=\/wp\/v2\/posts\/28312"}],"collection":[{"href":"https:\/\/elconspirador.com.mx\/index.php?rest_route=\/wp\/v2\/posts"}],"about":[{"href":"https:\/\/elconspirador.com.mx\/index.php?rest_route=\/wp\/v2\/types\/post"}],"author":[{"embeddable":true,"href":"https:\/\/elconspirador.com.mx\/index.php?rest_route=\/wp\/v2\/users\/1"}],"replies":[{"embeddable":true,"href":"https:\/\/elconspirador.com.mx\/index.php?rest_route=%2Fwp%2Fv2%2Fcomments&post=28312"}],"version-history":[{"count":2,"href":"https:\/\/elconspirador.com.mx\/index.php?rest_route=\/wp\/v2\/posts\/28312\/revisions"}],"predecessor-version":[{"id":28324,"href":"https:\/\/elconspirador.com.mx\/index.php?rest_route=\/wp\/v2\/posts\/28312\/revisions\/28324"}],"wp:featuredmedia":[{"embeddable":true,"href":"https:\/\/elconspirador.com.mx\/index.php?rest_route=\/wp\/v2\/media\/28313"}],"wp:attachment":[{"href":"https:\/\/elconspirador.com.mx\/index.php?rest_route=%2Fwp%2Fv2%2Fmedia&parent=28312"}],"wp:term":[{"taxonomy":"category","embeddable":true,"href":"https:\/\/elconspirador.com.mx\/index.php?rest_route=%2Fwp%2Fv2%2Fcategories&post=28312"},{"taxonomy":"post_tag","embeddable":true,"href":"https:\/\/elconspirador.com.mx\/index.php?rest_route=%2Fwp%2Fv2%2Ftags&post=28312"}],"curies":[{"name":"wp","href":"https:\/\/api.w.org\/{rel}","templated":true}]}}