{"id":28318,"date":"2023-06-10T20:04:06","date_gmt":"2023-06-11T02:04:06","guid":{"rendered":"https:\/\/elconspirador.com.mx\/?p=28318"},"modified":"2023-06-10T20:04:06","modified_gmt":"2023-06-11T02:04:06","slug":"detienen-a-6-relacionados-con-ejecucion-en-antea","status":"publish","type":"post","link":"https:\/\/elconspirador.com.mx\/?p=28318","title":{"rendered":"DETIENEN A 6 RELACIONADOS CON EJECUCI\u00d3N EN ANTEA"},"content":{"rendered":"<p>Dos son extranjeros originarios de Guatemala y El Salvador, los otros cuatro son de la Ciudad de M\u00e9xico, dos de Veracruz y la mujer de Puebla<\/p>\n<p>En seguimiento a los primeros resultados de la carpeta de investigaci\u00f3n iniciada, por los hechos ocurridos en Plaza Antea, la noche del viernes 09 de junio, adem\u00e1s de la motocicleta, se identificaron otros veh\u00edculos. De inmediato, se alert\u00f3 a las autoridades de los estados vecinos, en especial al Estado de M\u00e9xico por la direcci\u00f3n que tomaron las unidades posiblemente relacionadas con los hechos ya mencionados.<\/p>\n<p>Derivado de ello, nos ha informado la Secretar\u00eda de Seguridad P\u00fablica del Estado de M\u00e9xico, que despleg\u00f3 un operativo de coordinaci\u00f3n y logr\u00f3 ubicar, en lugares distintos, un autom\u00f3vil y una camioneta, asegur\u00e1ndose a cinco hombres y una mujer que los tripulaban, dos de ellos originarios de Guatemala y El Salvador, uno de la Ciudad de M\u00e9xico, dos del estado de Veracruz y la mujer del estado de Puebla. Les fueron aseguradas tres armas de fuego, cartuchos y cargadores \u00fatiles y ocho celulares.<\/p>\n<p>En estos momentos personal de la Fiscal\u00eda General del Estado de Quer\u00e9taro se traslada a la Fiscal\u00eda General de Justicia del Estado de M\u00e9xico para continuar las investigaciones y determinar si dichos sujetos est\u00e1n vinculados a tales hechos con base a las evidencias legales con las que ya se cuentan.<\/p>\n<p>Se continuar\u00e1 comunicando los avances en las investigaciones, por lo que solicitamos que s\u00f3lo se difunda informaci\u00f3n verificada y oficial.<\/p>\n","protected":false},"excerpt":{"rendered":"<p>Dos son extranjeros originarios de Guatemala y El Salvador, los otros cuatro son de la Ciudad de M\u00e9xico, dos de Veracruz y la mujer de Puebla En seguimiento a los primeros resultados de la carpeta de investigaci\u00f3n iniciada, por los hechos ocurridos en Plaza Antea, la noche del viernes 09 de junio, adem\u00e1s de la motocicleta, se identificaron otros veh\u00edculos.<\/p>\n<div class=\"h10\"><\/div>\n<p><a class=\"more-link2 flat\" href=\"https:\/\/elconspirador.com.mx\/?p=28318\">Leer m\u00e1s<\/a><\/p>\n","protected":false},"author":1,"featured_media":28319,"comment_status":"open","ping_status":"open","sticky":false,"template":"","format":"standard","meta":{"om_disable_all_campaigns":false,"_uf_show_specific_survey":0,"_uf_disable_surveys":false},"categories":[1],"tags":[],"aioseo_notices":[],"_links":{"self":[{"href":"https:\/\/elconspirador.com.mx\/index.php?rest_route=\/wp\/v2\/posts\/28318"}],"collection":[{"href":"https:\/\/elconspirador.com.mx\/index.php?rest_route=\/wp\/v2\/posts"}],"about":[{"href":"https:\/\/elconspirador.com.mx\/index.php?rest_route=\/wp\/v2\/types\/post"}],"author":[{"embeddable":true,"href":"https:\/\/elconspirador.com.mx\/index.php?rest_route=\/wp\/v2\/users\/1"}],"replies":[{"embeddable":true,"href":"https:\/\/elconspirador.com.mx\/index.php?rest_route=%2Fwp%2Fv2%2Fcomments&post=28318"}],"version-history":[{"count":1,"href":"https:\/\/elconspirador.com.mx\/index.php?rest_route=\/wp\/v2\/posts\/28318\/revisions"}],"predecessor-version":[{"id":28320,"href":"https:\/\/elconspirador.com.mx\/index.php?rest_route=\/wp\/v2\/posts\/28318\/revisions\/28320"}],"wp:featuredmedia":[{"embeddable":true,"href":"https:\/\/elconspirador.com.mx\/index.php?rest_route=\/wp\/v2\/media\/28319"}],"wp:attachment":[{"href":"https:\/\/elconspirador.com.mx\/index.php?rest_route=%2Fwp%2Fv2%2Fmedia&parent=28318"}],"wp:term":[{"taxonomy":"category","embeddable":true,"href":"https:\/\/elconspirador.com.mx\/index.php?rest_route=%2Fwp%2Fv2%2Fcategories&post=28318"},{"taxonomy":"post_tag","embeddable":true,"href":"https:\/\/elconspirador.com.mx\/index.php?rest_route=%2Fwp%2Fv2%2Ftags&post=28318"}],"curies":[{"name":"wp","href":"https:\/\/api.w.org\/{rel}","templated":true}]}}