{"id":28331,"date":"2023-06-11T08:52:50","date_gmt":"2023-06-11T14:52:50","guid":{"rendered":"https:\/\/elconspirador.com.mx\/?p=28331"},"modified":"2023-06-11T08:52:50","modified_gmt":"2023-06-11T14:52:50","slug":"corregidora-impulsa-el-cuidado-animal","status":"publish","type":"post","link":"https:\/\/elconspirador.com.mx\/?p=28331","title":{"rendered":"CORREGIDORA IMPULSA EL CUIDADO ANIMAL"},"content":{"rendered":"<p style=\"font-weight: 400;\">La Unidad de Control y Protecci\u00f3n Animal del municipio de Corregidora (UCPA) cre\u00f3 e implementa un programa para la concientizaci\u00f3n y el cuidado de animales, a trav\u00e9s de pl\u00e1ticas que ser\u00e1n impartidas a alumnos y docentes de escuelas y secundarias, dio a conocer Omar Ayala, director de dicha unidad perteneciente a la Secretar\u00eda de Servicios P\u00fablicos Municipales.<\/p>\n<p style=\"font-weight: 400;\">Mencion\u00f3 que, por instrucci\u00f3n del titular de la secretar\u00eda, Omar Herrera Maya, fue creado y puesto en marcha dicho programa enfocado a la tenencia responsable, al cuidado animal y a la identificaci\u00f3n de casos de maltrato<\/p>\n<p style=\"font-weight: 400;\">\u201cEn las pl\u00e1ticas vamos a entrar en primarias y en secundarias del municipio de Corregidora, en las cuales las ponencias que llevamos es para que los ni\u00f1os creen conciencia y que vean a un animalito como un ser vivo, que tienen derechos y hay varias leyes en los cuales ya los protegen a los animalitos\u201d, explic\u00f3.<\/p>\n<p style=\"font-weight: 400;\">Detall\u00f3 que el tema fundamental de las pl\u00e1ticas gira en torno a la tenencia responsable, es decir, ser un due\u00f1o responsable; \u201ctener a su animalito en las mejores condiciones, que est\u00e9 vacunado, que est\u00e9 desparasitado, se promueve la esterilizaci\u00f3n\u201d, explic\u00f3. Agreg\u00f3 que otro aspecto a considerar es el espacio adecuado en el que se encuentren los animales, los cuales no deben estar en azoteas, amarrados, ni en la calle.<\/p>\n<p style=\"font-weight: 400;\">\u201cLo que vamos a exponer en esas pl\u00e1ticas es tenencia responsable, que tengan a sus animalitos vacunados, que los lleven a su veterinario, que los lleven a la Unidad de Control en donde contamos con todos los servicios. Y tambi\u00e9n tenemos el \u00e1rea de denuncias; que cualquier tipo de animalito que vean que tenga maltrato, crueldad, etc\u00e9tera, se pueden acercar con nosotros, a la UCPA, y con todo gusto atendemos denuncia. Tenemos un \u00e1rea jur\u00eddica en la cual atendemos o damos ese servicio\u201d, apunt\u00f3.<\/p>\n<p style=\"font-weight: 400;\">Indic\u00f3 que en esta estrategia colaboran el Sistema Municipal para el Desarrollo Integral de la Familia (SMDIF) y asociaciones protectoras de animales. Explic\u00f3 que las pl\u00e1ticas de la UCPA est\u00e1n orientadas a los servicios que brinda y al tema de la responsabilidad que implica tener una mascota.<\/p>\n<p style=\"font-weight: 400;\">Por su parte, comparte informaci\u00f3n acerca de c\u00f3mo la sociedad civil se organiza para rescatar animales y el DIF Municipal aborda el tema de violencia familiar.<\/p>\n<p style=\"font-weight: 400;\">\u201cSiempre, cuando hay violencia hacia un animalito es un foco en el cual se puede ver de que posiblemente tenga violencia el ni\u00f1o, o en esa familia exista alg\u00fan tipo de violencia. Est\u00e1 cient\u00edficamente comprobado que cuando alguien violenta a un animalito, es o deriva que pueda ser alguna persona, en lo futuro, una persona muy agresiva o delinquir en otros temas\u201d, indic\u00f3.<\/p>\n<p style=\"font-weight: 400;\">Coment\u00f3 que este programa inici\u00f3 en la Escuela Primaria \u201cJos\u00e9 Clemente Orozco\u201d, en donde fueron atendidos alrededor de 550 ni\u00f1os, m\u00e1s personal docente. Abund\u00f3 que se tiene tres fechas contempladas: el 14 de junio, en la Escuela Primaria \u201cValent\u00edn G\u00f3mez Far\u00edas\u201d, en El Pueblito, en donde se convivir\u00e1 con 200 estudiantes; el 20 y 23 de junio, en la Escuela Secundaria \u201cQuetzalc\u00f3atl\u201d, en El Pueblito, en que donde participar\u00e1n 300 alumnos en cada pl\u00e1tica; y el 29 de junio, en la Escuela Primaria \u201c16 de Septiembre\u201d, en la comunidad de Bravo, en donde las pl\u00e1ticas ser\u00e1n impartidas a 137 estudiantes.<\/p>\n<p style=\"font-weight: 400;\">Agreg\u00f3 que una vez que regresen del periodo vacacional en las instituciones educativas, cada 15 d\u00edas estar\u00e1n impartiendo dichas pl\u00e1ticas.<\/p>\n<p style=\"font-weight: 400;\">\u201c\u00bfQu\u00e9 esperamos? Que todos los ni\u00f1os, que todos j\u00f3venes, creen conciencia para que de verdad haya una tenencia responsable dentro del municipio de Corregidora\u201d, concluy\u00f3.<\/p>\n<p style=\"font-weight: 400;\">\n","protected":false},"excerpt":{"rendered":"<p>La Unidad de Control y Protecci\u00f3n Animal del municipio de Corregidora (UCPA) cre\u00f3 e implementa un programa para la concientizaci\u00f3n y el cuidado de animales, a trav\u00e9s de pl\u00e1ticas que ser\u00e1n impartidas a alumnos y docentes de escuelas y secundarias, dio a conocer Omar Ayala, director de dicha unidad perteneciente a la Secretar\u00eda de Servicios P\u00fablicos Municipales. Mencion\u00f3 que, por<\/p>\n<div class=\"h10\"><\/div>\n<p><a class=\"more-link2 flat\" href=\"https:\/\/elconspirador.com.mx\/?p=28331\">Leer m\u00e1s<\/a><\/p>\n","protected":false},"author":1,"featured_media":28332,"comment_status":"open","ping_status":"open","sticky":false,"template":"","format":"standard","meta":{"om_disable_all_campaigns":false,"_uf_show_specific_survey":0,"_uf_disable_surveys":false},"categories":[1],"tags":[],"aioseo_notices":[],"_links":{"self":[{"href":"https:\/\/elconspirador.com.mx\/index.php?rest_route=\/wp\/v2\/posts\/28331"}],"collection":[{"href":"https:\/\/elconspirador.com.mx\/index.php?rest_route=\/wp\/v2\/posts"}],"about":[{"href":"https:\/\/elconspirador.com.mx\/index.php?rest_route=\/wp\/v2\/types\/post"}],"author":[{"embeddable":true,"href":"https:\/\/elconspirador.com.mx\/index.php?rest_route=\/wp\/v2\/users\/1"}],"replies":[{"embeddable":true,"href":"https:\/\/elconspirador.com.mx\/index.php?rest_route=%2Fwp%2Fv2%2Fcomments&post=28331"}],"version-history":[{"count":2,"href":"https:\/\/elconspirador.com.mx\/index.php?rest_route=\/wp\/v2\/posts\/28331\/revisions"}],"predecessor-version":[{"id":28337,"href":"https:\/\/elconspirador.com.mx\/index.php?rest_route=\/wp\/v2\/posts\/28331\/revisions\/28337"}],"wp:featuredmedia":[{"embeddable":true,"href":"https:\/\/elconspirador.com.mx\/index.php?rest_route=\/wp\/v2\/media\/28332"}],"wp:attachment":[{"href":"https:\/\/elconspirador.com.mx\/index.php?rest_route=%2Fwp%2Fv2%2Fmedia&parent=28331"}],"wp:term":[{"taxonomy":"category","embeddable":true,"href":"https:\/\/elconspirador.com.mx\/index.php?rest_route=%2Fwp%2Fv2%2Fcategories&post=28331"},{"taxonomy":"post_tag","embeddable":true,"href":"https:\/\/elconspirador.com.mx\/index.php?rest_route=%2Fwp%2Fv2%2Ftags&post=28331"}],"curies":[{"name":"wp","href":"https:\/\/api.w.org\/{rel}","templated":true}]}}