{"id":28344,"date":"2023-06-11T10:28:16","date_gmt":"2023-06-11T16:28:16","guid":{"rendered":"https:\/\/elconspirador.com.mx\/?p=28344"},"modified":"2023-06-11T10:28:16","modified_gmt":"2023-06-11T16:28:16","slug":"reforestan-universidad-de-san-juan-del-rio","status":"publish","type":"post","link":"https:\/\/elconspirador.com.mx\/?p=28344","title":{"rendered":"REFORESTAN UNIVERSIDAD DE SAN JUAN DEL R\u00cdO"},"content":{"rendered":"<p>El secretario de Desarrollo Agropecuario, Rosendo Anaya, encabez\u00f3 los trabajos de reforestaci\u00f3n en la Universidad Tecnol\u00f3gica de San Juan del Rio (UTSJR); cabe se\u00f1alar que la meta es sembrar m\u00e1s de medio mill\u00f3n de \u00e1rboles en la entidad.<\/p>\n<p>&nbsp;<\/p>\n<p>\u201cEl cambio clim\u00e1tico nos est\u00e1 cobrando la factura y para algunos esto ser\u00eda normal y en alg\u00fan momento con apat\u00eda. Hoy coment\u00e1bamos lo que sucede aqu\u00ed en la presa y seguramente sus pap\u00e1s o abuelitos no les podr\u00e1n contar de alguna vez que hayan visto vac\u00eda la presa de La Constituci\u00f3n\u201d, se\u00f1al\u00f3.<\/p>\n<p>&nbsp;<\/p>\n<p>Se entregaron y sembraron 110 \u00e1rboles clasificados en cinco especies: mezquite, huizache, palo dulce, palo xixiote y ceiba, que fueron sembrados por alumnas y alumnos del plantel.\u00a0 En el mismo evento se presentaron dos proyectos: una incubadora solar y una lombricomposta; esta \u00faltima es alimentada con los residuos s\u00f3lidos org\u00e1nicos generados en la cafeter\u00eda de la universidad.<\/p>\n<p>&nbsp;<\/p>\n<p>\u201cEs importante la participaci\u00f3n de la academia, primero en el desarrollo de soluciones y en especial, para el sector, para el relevo generacional que est\u00e1 en riesgo. Como responsable del ramo en el gabinete, ofrecemos el acercamiento con los sectores para que el dise\u00f1o y desarrollo de los proyectos se realice conforme a las necesidades reales de los productores\u201d, concluy\u00f3.<\/p>\n","protected":false},"excerpt":{"rendered":"<p>El secretario de Desarrollo Agropecuario, Rosendo Anaya, encabez\u00f3 los trabajos de reforestaci\u00f3n en la Universidad Tecnol\u00f3gica de San Juan del Rio (UTSJR); cabe se\u00f1alar que la meta es sembrar m\u00e1s de medio mill\u00f3n de \u00e1rboles en la entidad. &nbsp; \u201cEl cambio clim\u00e1tico nos est\u00e1 cobrando la factura y para algunos esto ser\u00eda normal y en alg\u00fan momento con apat\u00eda. Hoy<\/p>\n<div class=\"h10\"><\/div>\n<p><a class=\"more-link2 flat\" href=\"https:\/\/elconspirador.com.mx\/?p=28344\">Leer m\u00e1s<\/a><\/p>\n","protected":false},"author":1,"featured_media":28345,"comment_status":"open","ping_status":"open","sticky":false,"template":"","format":"standard","meta":{"om_disable_all_campaigns":false,"_uf_show_specific_survey":0,"_uf_disable_surveys":false},"categories":[1],"tags":[],"aioseo_notices":[],"_links":{"self":[{"href":"https:\/\/elconspirador.com.mx\/index.php?rest_route=\/wp\/v2\/posts\/28344"}],"collection":[{"href":"https:\/\/elconspirador.com.mx\/index.php?rest_route=\/wp\/v2\/posts"}],"about":[{"href":"https:\/\/elconspirador.com.mx\/index.php?rest_route=\/wp\/v2\/types\/post"}],"author":[{"embeddable":true,"href":"https:\/\/elconspirador.com.mx\/index.php?rest_route=\/wp\/v2\/users\/1"}],"replies":[{"embeddable":true,"href":"https:\/\/elconspirador.com.mx\/index.php?rest_route=%2Fwp%2Fv2%2Fcomments&post=28344"}],"version-history":[{"count":1,"href":"https:\/\/elconspirador.com.mx\/index.php?rest_route=\/wp\/v2\/posts\/28344\/revisions"}],"predecessor-version":[{"id":28346,"href":"https:\/\/elconspirador.com.mx\/index.php?rest_route=\/wp\/v2\/posts\/28344\/revisions\/28346"}],"wp:featuredmedia":[{"embeddable":true,"href":"https:\/\/elconspirador.com.mx\/index.php?rest_route=\/wp\/v2\/media\/28345"}],"wp:attachment":[{"href":"https:\/\/elconspirador.com.mx\/index.php?rest_route=%2Fwp%2Fv2%2Fmedia&parent=28344"}],"wp:term":[{"taxonomy":"category","embeddable":true,"href":"https:\/\/elconspirador.com.mx\/index.php?rest_route=%2Fwp%2Fv2%2Fcategories&post=28344"},{"taxonomy":"post_tag","embeddable":true,"href":"https:\/\/elconspirador.com.mx\/index.php?rest_route=%2Fwp%2Fv2%2Ftags&post=28344"}],"curies":[{"name":"wp","href":"https:\/\/api.w.org\/{rel}","templated":true}]}}