{"id":28347,"date":"2023-06-11T13:12:11","date_gmt":"2023-06-11T19:12:11","guid":{"rendered":"https:\/\/elconspirador.com.mx\/?p=28347"},"modified":"2023-06-11T13:12:11","modified_gmt":"2023-06-11T19:12:11","slug":"queretaro-arranca-temporada-de-vendimias","status":"publish","type":"post","link":"https:\/\/elconspirador.com.mx\/?p=28347","title":{"rendered":"QUER\u00c9TARO ARRANCA TEMPORADA DE VENDIMIAS"},"content":{"rendered":"<p>Con una afluencia de m\u00e1s de poco m\u00e1s de 500 personas al Festival de Haciendas y Vi\u00f1edos del Marqu\u00e9s, inici\u00f3 la temporada de vendimias del estado de Quer\u00e9taro, una de las m\u00e1s importantes del calendario enotur\u00edstico.<\/p>\n<p>Al encabezar este evento, el encargado de la Direcci\u00f3n de Promoci\u00f3n Tur\u00edstica, Rodrigo Ibarra Lozano, reconoci\u00f3 la importancia de seguir posicionando al enoturismo como uno de los productos tur\u00edsticos m\u00e1s importantes para la entidad, al ofrecer a los visitantes, experiencias diversificadas.<\/p>\n<p>&#8220;Lo que nosotros estamos buscando es que la cultura del vino sea una cultura familiar, que los eventos de la Ruta del Arte, Queso y Vino, vayan dirigidos a las familias, a los j\u00f3venes; para que conozcan el proceso de c\u00f3mo se hace un vino, que conozcan que en Quer\u00e9taro se hace vino y un muy buen vino. Para nosotros esto es muy importante porque cada vez vamos creciendo y teniendo mejor impulso&#8221;, sostuvo Ibarra Lozano.<\/p>\n<p>En el Festival de Haciendas y Vi\u00f1edos del Marqu\u00e9s, participaron 14 vi\u00f1edos y vin\u00edcolas, haciendas y queser\u00edas artesanales, quienes expusieron\u00a0lo mejor de sus productos\u00a0y se cont\u00f3 con la oferta gastron\u00f3mica de 7 restaurantes, \u00e1reas infantiles y m\u00fasica en vivo entre otras actividades.<\/p>\n<p>Al respecto, el presidente de la Asociaci\u00f3n de Haciendas y Vi\u00f1edos del Marqu\u00e9s, Jaime Niembro Calzada, resalt\u00f3 la labor de este organismo para enriquecer la oferta tur\u00edstica de la regi\u00f3n metropolitana a la ciudad de Quer\u00e9taro, al ofrecer eventos que mezclan la gastronom\u00eda, el enoturismo y la cultura.<\/p>\n<p>\u201cEn este evento, tuvimos la participaci\u00f3n del Grupo Aztl\u00e1n, que hacen a trav\u00e9s de una danza prehisp\u00e1nica y un ritual especial, la bendici\u00f3n de la vendimia, y esto es una tradici\u00f3n que queremos que siga. Y adem\u00e1s tenemos en El Marqu\u00e9s, muchos lugares abiertos al p\u00fablico con catas, con degustaciones, una muy rica variedad gastron\u00f3mica, con recorridos. Con este festival estamos iniciando la temporada de vendimias y que creemos que va a ser un gran a\u00f1o para el turismo en Quer\u00e9taro\u201d sostuvo.<\/p>\n<p>La temporada de vendimias del estado de Quer\u00e9taro engloba distintas celebraciones, eventos y festividades a partir de este fin de semana y hasta el mes de septiembre de 2023.<\/p>\n<p>Fuente: Secretar\u00eda de Turismo del estado de Quer\u00e9taro<\/p>\n","protected":false},"excerpt":{"rendered":"<p>Con una afluencia de m\u00e1s de poco m\u00e1s de 500 personas al Festival de Haciendas y Vi\u00f1edos del Marqu\u00e9s, inici\u00f3 la temporada de vendimias del estado de Quer\u00e9taro, una de las m\u00e1s importantes del calendario enotur\u00edstico. Al encabezar este evento, el encargado de la Direcci\u00f3n de Promoci\u00f3n Tur\u00edstica, Rodrigo Ibarra Lozano, reconoci\u00f3 la importancia de seguir posicionando al enoturismo como<\/p>\n<div class=\"h10\"><\/div>\n<p><a class=\"more-link2 flat\" href=\"https:\/\/elconspirador.com.mx\/?p=28347\">Leer m\u00e1s<\/a><\/p>\n","protected":false},"author":1,"featured_media":28348,"comment_status":"open","ping_status":"open","sticky":false,"template":"","format":"standard","meta":{"om_disable_all_campaigns":false,"_uf_show_specific_survey":0,"_uf_disable_surveys":false},"categories":[1],"tags":[],"aioseo_notices":[],"_links":{"self":[{"href":"https:\/\/elconspirador.com.mx\/index.php?rest_route=\/wp\/v2\/posts\/28347"}],"collection":[{"href":"https:\/\/elconspirador.com.mx\/index.php?rest_route=\/wp\/v2\/posts"}],"about":[{"href":"https:\/\/elconspirador.com.mx\/index.php?rest_route=\/wp\/v2\/types\/post"}],"author":[{"embeddable":true,"href":"https:\/\/elconspirador.com.mx\/index.php?rest_route=\/wp\/v2\/users\/1"}],"replies":[{"embeddable":true,"href":"https:\/\/elconspirador.com.mx\/index.php?rest_route=%2Fwp%2Fv2%2Fcomments&post=28347"}],"version-history":[{"count":1,"href":"https:\/\/elconspirador.com.mx\/index.php?rest_route=\/wp\/v2\/posts\/28347\/revisions"}],"predecessor-version":[{"id":28349,"href":"https:\/\/elconspirador.com.mx\/index.php?rest_route=\/wp\/v2\/posts\/28347\/revisions\/28349"}],"wp:featuredmedia":[{"embeddable":true,"href":"https:\/\/elconspirador.com.mx\/index.php?rest_route=\/wp\/v2\/media\/28348"}],"wp:attachment":[{"href":"https:\/\/elconspirador.com.mx\/index.php?rest_route=%2Fwp%2Fv2%2Fmedia&parent=28347"}],"wp:term":[{"taxonomy":"category","embeddable":true,"href":"https:\/\/elconspirador.com.mx\/index.php?rest_route=%2Fwp%2Fv2%2Fcategories&post=28347"},{"taxonomy":"post_tag","embeddable":true,"href":"https:\/\/elconspirador.com.mx\/index.php?rest_route=%2Fwp%2Fv2%2Ftags&post=28347"}],"curies":[{"name":"wp","href":"https:\/\/api.w.org\/{rel}","templated":true}]}}