{"id":28363,"date":"2023-06-11T21:51:08","date_gmt":"2023-06-12T03:51:08","guid":{"rendered":"https:\/\/elconspirador.com.mx\/?p=28363"},"modified":"2023-06-11T21:51:08","modified_gmt":"2023-06-12T03:51:08","slug":"cae-avioneta-en-pista-de-veracruz","status":"publish","type":"post","link":"https:\/\/elconspirador.com.mx\/?p=28363","title":{"rendered":"CAE AVIONETA EN PISTA DE VERACRUZ"},"content":{"rendered":"<p>A trav\u00e9s de un comunicado, la Secretar\u00eda de Protecci\u00f3n Civil de Veracruz dio a conocer que una aeronave aterriz\u00f3 de emergencia en la carretera Tuxpan &#8211; Poza Rica a la altura del kil\u00f3metro 188, muy cerca de la localidad conocida como Totomoxtle, poniendo en peligro a los tripulantes de la misma.<\/p>\n<p>En la aeronave viajaban 3 personas, dos pasajeros y un piloto, quienes fueron evaluados de manera inmediata por los servicios de emergencia en el sitio sin que registren lesiones, a pesar que comenz\u00f3 a circular informaci\u00f3n de que supuestamente iba un famoso cantante a bordo.<\/p>\n<p>La circulaci\u00f3n estuvo cerrada por aproximadamente cuatro horas con ayuda del personal de Protecci\u00f3n Civil Estatal y municipal, la Guardia Nacional, Caminos y Puentes Federales, la Fuerza Civil, la Secretar\u00eda de Seguridad P\u00fablica y Bomberos Voluntarios de Papantla.<\/p>\n<p>Para moverlo, fue necesario la ayuda de personal de la Direcci\u00f3n General de Aeron\u00e1utica y personal del Aeropuerto Taj\u00edn, mientras que la Guardia Nacional abander\u00f3 el tr\u00e1fico para facilitar las tareas de Protecci\u00f3n Civil, y brindaron apoyo perimetral.<\/p>\n<p>En las fotograf\u00edas oficiales puede verse que la avioneta qued\u00f3 da\u00f1ada en varias partes de su estructura debido al impacto, aunque hasta el momento no se han dado m\u00e1s detalles de las fallas mec\u00e1nicas o humanas que pudo hacer que descendiera hasta la carretera.<\/p>\n<p>&nbsp;<\/p>\n","protected":false},"excerpt":{"rendered":"<p>A trav\u00e9s de un comunicado, la Secretar\u00eda de Protecci\u00f3n Civil de Veracruz dio a conocer que una aeronave aterriz\u00f3 de emergencia en la carretera Tuxpan &#8211; Poza Rica a la altura del kil\u00f3metro 188, muy cerca de la localidad conocida como Totomoxtle, poniendo en peligro a los tripulantes de la misma. En la aeronave viajaban 3 personas, dos pasajeros y<\/p>\n<div class=\"h10\"><\/div>\n<p><a class=\"more-link2 flat\" href=\"https:\/\/elconspirador.com.mx\/?p=28363\">Leer m\u00e1s<\/a><\/p>\n","protected":false},"author":1,"featured_media":28364,"comment_status":"open","ping_status":"open","sticky":false,"template":"","format":"standard","meta":{"om_disable_all_campaigns":false,"_uf_show_specific_survey":0,"_uf_disable_surveys":false},"categories":[1],"tags":[],"aioseo_notices":[],"_links":{"self":[{"href":"https:\/\/elconspirador.com.mx\/index.php?rest_route=\/wp\/v2\/posts\/28363"}],"collection":[{"href":"https:\/\/elconspirador.com.mx\/index.php?rest_route=\/wp\/v2\/posts"}],"about":[{"href":"https:\/\/elconspirador.com.mx\/index.php?rest_route=\/wp\/v2\/types\/post"}],"author":[{"embeddable":true,"href":"https:\/\/elconspirador.com.mx\/index.php?rest_route=\/wp\/v2\/users\/1"}],"replies":[{"embeddable":true,"href":"https:\/\/elconspirador.com.mx\/index.php?rest_route=%2Fwp%2Fv2%2Fcomments&post=28363"}],"version-history":[{"count":1,"href":"https:\/\/elconspirador.com.mx\/index.php?rest_route=\/wp\/v2\/posts\/28363\/revisions"}],"predecessor-version":[{"id":28365,"href":"https:\/\/elconspirador.com.mx\/index.php?rest_route=\/wp\/v2\/posts\/28363\/revisions\/28365"}],"wp:featuredmedia":[{"embeddable":true,"href":"https:\/\/elconspirador.com.mx\/index.php?rest_route=\/wp\/v2\/media\/28364"}],"wp:attachment":[{"href":"https:\/\/elconspirador.com.mx\/index.php?rest_route=%2Fwp%2Fv2%2Fmedia&parent=28363"}],"wp:term":[{"taxonomy":"category","embeddable":true,"href":"https:\/\/elconspirador.com.mx\/index.php?rest_route=%2Fwp%2Fv2%2Fcategories&post=28363"},{"taxonomy":"post_tag","embeddable":true,"href":"https:\/\/elconspirador.com.mx\/index.php?rest_route=%2Fwp%2Fv2%2Ftags&post=28363"}],"curies":[{"name":"wp","href":"https:\/\/api.w.org\/{rel}","templated":true}]}}