{"id":28378,"date":"2023-06-12T09:22:18","date_gmt":"2023-06-12T15:22:18","guid":{"rendered":"https:\/\/elconspirador.com.mx\/?p=28378"},"modified":"2023-06-12T09:22:18","modified_gmt":"2023-06-12T15:22:18","slug":"el-6-de-septiembre-morena-anunciara-candidato-a-la-presidencia","status":"publish","type":"post","link":"https:\/\/elconspirador.com.mx\/?p=28378","title":{"rendered":"EL 6 DE SEPTIEMBRE MORENA ANUNCIAR\u00c1 CANDIDATO A LA PRESIDENCIA"},"content":{"rendered":"<p data-reader-unique-id=\"1\">Alfonso Durazo, gobernador de Sonora, tom\u00f3 la palabra en el <strong data-reader-unique-id=\"3\">Consejo Nacional de Morena<\/strong> y dio a conocer los puntos que se acordaron para la elecci\u00f3n del <strong data-reader-unique-id=\"5\">candidato del partido a la Presidencia de la Rep\u00fablica<\/strong>, mismo que se dar\u00e1 a conocer el pr\u00f3ximo mi\u00e9rcoles 6 de septiembre.<\/p>\n<p data-reader-unique-id=\"6\">Detall\u00f3 que los aspirantes de Morena a la candidatura a la Presidencia de la Rep\u00fablica deber\u00e1n renunciar a su cargo o puestos de representaci\u00f3n a m\u00e1s tardar el 16 de junio. Adem\u00e1s, deber\u00e1n presentar sus propuestas sobre las encuestadoras que llevar\u00e1n a cargo el proceso de elecci\u00f3n.<\/p>\n<p data-reader-unique-id=\"7\">Los aspirantes a la candidatura de Morena a la Presidencia podr\u00e1n iniciar sus recorridos por el pa\u00eds el pr\u00f3ximo lunes 19 de junio y deben suspenderlos a m\u00e1s tardar el domingo 27 de agosto.<\/p>\n<p data-reader-unique-id=\"8\">Mientras que los levantamientos de la encuesta para conocer al candidato presidencial de Morena deber\u00e1n llevarse a cabo del lunes 28 de agosto al domingo 3 de septiembre.<\/p>\n<h2 data-reader-unique-id=\"9\">L\u00f3pez Obrador no podr\u00e1 apoyar a una \u2018corcholata\u2019<\/h2>\n<p data-reader-unique-id=\"10\">El acuerdo de reglas para elegir Coordinaci\u00f3n de Defensa de la 4T impide al presidente de la Republica, gobernadores y otros funcionarios p\u00fablicos apoyar a las \u201ccorcholatas\u201d, entre otros rubros.<\/p>\n<p data-reader-unique-id=\"11\">A partir de este lunes y hasta el viernes 16 de junio la y los aspirantes tendr\u00e1n que registrarse ante la comisi\u00f3n de elecciones del partido, para participar en la encuesta que realizar\u00e1n cuatro empresas privadas y el comit\u00e9 de encuestas del partido en agosto\/septiembre.<\/p>\n<p data-reader-unique-id=\"12\">Las corcholatas sugerir\u00e1n dos empresas cada uno, pero ser\u00e1 la comisi\u00f3n de encuestas quien realice la metodolog\u00eda. La encuesta ser\u00e1 en urna y simulando una boleta con las im\u00e1genes de los aspirantes.<\/p>\n<p data-reader-unique-id=\"29\">Se ordena a las corcholatas no debatir entre ellos, no participar en medios de comunicaci\u00f3n conservadores y ser austeros en sus gastos en publicidad.<\/p>\n","protected":false},"excerpt":{"rendered":"<p>Alfonso Durazo, gobernador de Sonora, tom\u00f3 la palabra en el Consejo Nacional de Morena y dio a conocer los puntos que se acordaron para la elecci\u00f3n del candidato del partido a la Presidencia de la Rep\u00fablica, mismo que se dar\u00e1 a conocer el pr\u00f3ximo mi\u00e9rcoles 6 de septiembre. Detall\u00f3 que los aspirantes de Morena a la candidatura a la Presidencia<\/p>\n<div class=\"h10\"><\/div>\n<p><a class=\"more-link2 flat\" href=\"https:\/\/elconspirador.com.mx\/?p=28378\">Leer m\u00e1s<\/a><\/p>\n","protected":false},"author":1,"featured_media":28379,"comment_status":"open","ping_status":"open","sticky":false,"template":"","format":"standard","meta":{"om_disable_all_campaigns":false,"_uf_show_specific_survey":0,"_uf_disable_surveys":false},"categories":[68],"tags":[],"aioseo_notices":[],"_links":{"self":[{"href":"https:\/\/elconspirador.com.mx\/index.php?rest_route=\/wp\/v2\/posts\/28378"}],"collection":[{"href":"https:\/\/elconspirador.com.mx\/index.php?rest_route=\/wp\/v2\/posts"}],"about":[{"href":"https:\/\/elconspirador.com.mx\/index.php?rest_route=\/wp\/v2\/types\/post"}],"author":[{"embeddable":true,"href":"https:\/\/elconspirador.com.mx\/index.php?rest_route=\/wp\/v2\/users\/1"}],"replies":[{"embeddable":true,"href":"https:\/\/elconspirador.com.mx\/index.php?rest_route=%2Fwp%2Fv2%2Fcomments&post=28378"}],"version-history":[{"count":1,"href":"https:\/\/elconspirador.com.mx\/index.php?rest_route=\/wp\/v2\/posts\/28378\/revisions"}],"predecessor-version":[{"id":28380,"href":"https:\/\/elconspirador.com.mx\/index.php?rest_route=\/wp\/v2\/posts\/28378\/revisions\/28380"}],"wp:featuredmedia":[{"embeddable":true,"href":"https:\/\/elconspirador.com.mx\/index.php?rest_route=\/wp\/v2\/media\/28379"}],"wp:attachment":[{"href":"https:\/\/elconspirador.com.mx\/index.php?rest_route=%2Fwp%2Fv2%2Fmedia&parent=28378"}],"wp:term":[{"taxonomy":"category","embeddable":true,"href":"https:\/\/elconspirador.com.mx\/index.php?rest_route=%2Fwp%2Fv2%2Fcategories&post=28378"},{"taxonomy":"post_tag","embeddable":true,"href":"https:\/\/elconspirador.com.mx\/index.php?rest_route=%2Fwp%2Fv2%2Ftags&post=28378"}],"curies":[{"name":"wp","href":"https:\/\/api.w.org\/{rel}","templated":true}]}}