{"id":28384,"date":"2023-06-12T15:09:28","date_gmt":"2023-06-12T21:09:28","guid":{"rendered":"https:\/\/elconspirador.com.mx\/?p=28384"},"modified":"2023-06-12T15:09:28","modified_gmt":"2023-06-12T21:09:28","slug":"queretaro-realizara-jornada-de-vasectomias","status":"publish","type":"post","link":"https:\/\/elconspirador.com.mx\/?p=28384","title":{"rendered":"QUER\u00c9TARO REALIZAR\u00c1 JORNADA DE VASECTOM\u00cdAS"},"content":{"rendered":"<p class=\"s19\"><span class=\"s17\">El Instituto Mexicano del Seguro Social (IMSS) en Quer\u00e9taro invita a los derechohabientes y poblaci\u00f3n en general a la Jornada de Vasectom\u00edas sin Bistur\u00ed, en la Unidad de Medicina Familiar (UMF) No. 13, del <\/span><span class=\"s17\">12 al 30 de junio.<\/span><\/p>\n<p class=\"s19\"><span class=\"s17\">El doctor Armando Urz\u00faa Col\u00edn, m\u00e9dico familiar adscrito a la UMF No. 13, se\u00f1al\u00f3 que la vasectom\u00eda sin bistur\u00ed es un m\u00e9todo anticonceptivo no reversible<\/span><span class=\"s17\">,<\/span><span class=\"s17\"> con efectividad del 99 por ciento.<\/span><\/p>\n<p class=\"s19\"><span class=\"s17\">\u201c<\/span><span class=\"s17\">Es un procedimiento quir\u00fargico ambulatorio con una duraci\u00f3n de 15 a 20 minutos, donde se aplica anestesia local, se ligan y cortan los conductos deferentes evitando<\/span><span class=\"s17\">el paso de los espermatozoides\u201d<\/span><span class=\"s17\">,<\/span><span class=\"s17\"> indic\u00f3 <\/span><span class=\"s17\">Urz\u00faa Col\u00edn.<\/span><\/p>\n<p class=\"s19\"><span class=\"s17\">Los cuidados que se deben tener son<\/span><span class=\"s17\"> los siguientes: aplicar hielo en la zona<\/span><span class=\"s17\">, reposo en las primeras seis a ocho hora<\/span><span class=\"s17\">s<\/span><span class=\"s17\">, usar suspensorios, evitar esfuerzos f\u00edsicos y no tener relaciones sexual<\/span><span class=\"s17\">es durante al menos siete d\u00edas.<\/span><\/p>\n<p class=\"s19\"><span class=\"s17\">El especialista descart\u00f3 <\/span><span class=\"s17\">los mitos en<\/span> <span class=\"s17\">torno a este m\u00e9todo, tales como riesgo de desarrollar c\u00e1ncer, que sea doloroso, disminuci\u00f3n de la <\/span><span class=\"s17\">libido<\/span><span class=\"s17\"> (deseo sexual), enfermedades del coraz\u00f3n o incapacidad de tener orgasmos.<\/span><\/p>\n<p class=\"s19\"><span class=\"s17\">Quienes deseen realizar este procedimiento deben acudir a programar una cita a la UMF No. 13 (ubicada en\u00a0<\/span><span class=\"s17\">Av. 5 de F<\/span><span class=\"s17\">ebrero #102<\/span><span class=\"s17\">, Col. Centro<\/span><span class=\"s17\">)<\/span><span class=\"s17\">,<\/span><span class=\"s17\"> en el consult<\/span><span class=\"s17\">orio de Planificaci\u00f3n Familiar, de lunes a viernes en un horario de 7:00 a 14:00 horas.<\/span><\/p>\n","protected":false},"excerpt":{"rendered":"<p>El Instituto Mexicano del Seguro Social (IMSS) en Quer\u00e9taro invita a los derechohabientes y poblaci\u00f3n en general a la Jornada de Vasectom\u00edas sin Bistur\u00ed, en la Unidad de Medicina Familiar (UMF) No. 13, del 12 al 30 de junio. El doctor Armando Urz\u00faa Col\u00edn, m\u00e9dico familiar adscrito a la UMF No. 13, se\u00f1al\u00f3 que la vasectom\u00eda sin bistur\u00ed es un<\/p>\n<div class=\"h10\"><\/div>\n<p><a class=\"more-link2 flat\" href=\"https:\/\/elconspirador.com.mx\/?p=28384\">Leer m\u00e1s<\/a><\/p>\n","protected":false},"author":1,"featured_media":28385,"comment_status":"open","ping_status":"open","sticky":false,"template":"","format":"standard","meta":{"om_disable_all_campaigns":false,"_uf_show_specific_survey":0,"_uf_disable_surveys":false},"categories":[1],"tags":[],"aioseo_notices":[],"_links":{"self":[{"href":"https:\/\/elconspirador.com.mx\/index.php?rest_route=\/wp\/v2\/posts\/28384"}],"collection":[{"href":"https:\/\/elconspirador.com.mx\/index.php?rest_route=\/wp\/v2\/posts"}],"about":[{"href":"https:\/\/elconspirador.com.mx\/index.php?rest_route=\/wp\/v2\/types\/post"}],"author":[{"embeddable":true,"href":"https:\/\/elconspirador.com.mx\/index.php?rest_route=\/wp\/v2\/users\/1"}],"replies":[{"embeddable":true,"href":"https:\/\/elconspirador.com.mx\/index.php?rest_route=%2Fwp%2Fv2%2Fcomments&post=28384"}],"version-history":[{"count":2,"href":"https:\/\/elconspirador.com.mx\/index.php?rest_route=\/wp\/v2\/posts\/28384\/revisions"}],"predecessor-version":[{"id":28433,"href":"https:\/\/elconspirador.com.mx\/index.php?rest_route=\/wp\/v2\/posts\/28384\/revisions\/28433"}],"wp:featuredmedia":[{"embeddable":true,"href":"https:\/\/elconspirador.com.mx\/index.php?rest_route=\/wp\/v2\/media\/28385"}],"wp:attachment":[{"href":"https:\/\/elconspirador.com.mx\/index.php?rest_route=%2Fwp%2Fv2%2Fmedia&parent=28384"}],"wp:term":[{"taxonomy":"category","embeddable":true,"href":"https:\/\/elconspirador.com.mx\/index.php?rest_route=%2Fwp%2Fv2%2Fcategories&post=28384"},{"taxonomy":"post_tag","embeddable":true,"href":"https:\/\/elconspirador.com.mx\/index.php?rest_route=%2Fwp%2Fv2%2Ftags&post=28384"}],"curies":[{"name":"wp","href":"https:\/\/api.w.org\/{rel}","templated":true}]}}