{"id":28390,"date":"2023-06-12T11:27:01","date_gmt":"2023-06-12T17:27:01","guid":{"rendered":"https:\/\/elconspirador.com.mx\/?p=28390"},"modified":"2023-06-12T11:27:01","modified_gmt":"2023-06-12T17:27:01","slug":"realizaran-revisiones-en-cadereyta-para-verificar-consecuencias-del-sismo","status":"publish","type":"post","link":"https:\/\/elconspirador.com.mx\/?p=28390","title":{"rendered":"REALIZAR\u00c1N REVISIONES EN CADEREYTA PARA VERIFICAR CONSECUENCIAS DEL SISMO"},"content":{"rendered":"<p>Miguel Mart\u00ednez Pe\u00f1aloza, presidente municipal de Cadereyta de Montes, dio a conocer que continuar\u00e1n con recorridos en la demarcaci\u00f3n, luego del sismo que se registrara esta ma\u00f1ana, con el objetivo de verificar que no hay afectaciones.<\/p>\n<p>Indic\u00f3 que la comunidad de La Esperanza fue la que sinti\u00f3 con mayor fuerza el movimiento tel\u00farico, aunque contin\u00faan el di\u00e1logo con delegados y autoridades auxiliares.<\/p>\n<p>\u201cHe hablado con autoridades de Macon\u00ed all\u00e1 no lo sintieron, habl\u00e9 con autoridades de la delegaci\u00f3n de autoridades de La Esperanza, que est\u00e1 pegado a San Joaqu\u00ed y s\u00ed lo sintieron muy poco de una manera muy clara\u201d, dijo.<\/p>\n<p>Mencion\u00f3 que en los recorridos participan elementos de protecci\u00f3n civil y polic\u00eda municipal, adem\u00e1s de que recomend\u00f3 a la ciudadan\u00eda mantener la calma ante la presencia de este fen\u00f3meno.<\/p>\n<p>\u201cNo hay afectaciones a la infraestructura ni a casa habitaci\u00f3n, hasta el momento, a pesar de haber sido el epicentro, como lo marca el sismol\u00f3gico, aqu\u00ed en Cadereyta\u201d, coment\u00f3.<\/p>\n","protected":false},"excerpt":{"rendered":"<p>Miguel Mart\u00ednez Pe\u00f1aloza, presidente municipal de Cadereyta de Montes, dio a conocer que continuar\u00e1n con recorridos en la demarcaci\u00f3n, luego del sismo que se registrara esta ma\u00f1ana, con el objetivo de verificar que no hay afectaciones. Indic\u00f3 que la comunidad de La Esperanza fue la que sinti\u00f3 con mayor fuerza el movimiento tel\u00farico, aunque contin\u00faan el di\u00e1logo con delegados y<\/p>\n<div class=\"h10\"><\/div>\n<p><a class=\"more-link2 flat\" href=\"https:\/\/elconspirador.com.mx\/?p=28390\">Leer m\u00e1s<\/a><\/p>\n","protected":false},"author":1,"featured_media":28391,"comment_status":"open","ping_status":"open","sticky":false,"template":"","format":"standard","meta":{"om_disable_all_campaigns":false,"_uf_show_specific_survey":0,"_uf_disable_surveys":false},"categories":[1],"tags":[],"aioseo_notices":[],"_links":{"self":[{"href":"https:\/\/elconspirador.com.mx\/index.php?rest_route=\/wp\/v2\/posts\/28390"}],"collection":[{"href":"https:\/\/elconspirador.com.mx\/index.php?rest_route=\/wp\/v2\/posts"}],"about":[{"href":"https:\/\/elconspirador.com.mx\/index.php?rest_route=\/wp\/v2\/types\/post"}],"author":[{"embeddable":true,"href":"https:\/\/elconspirador.com.mx\/index.php?rest_route=\/wp\/v2\/users\/1"}],"replies":[{"embeddable":true,"href":"https:\/\/elconspirador.com.mx\/index.php?rest_route=%2Fwp%2Fv2%2Fcomments&post=28390"}],"version-history":[{"count":1,"href":"https:\/\/elconspirador.com.mx\/index.php?rest_route=\/wp\/v2\/posts\/28390\/revisions"}],"predecessor-version":[{"id":28392,"href":"https:\/\/elconspirador.com.mx\/index.php?rest_route=\/wp\/v2\/posts\/28390\/revisions\/28392"}],"wp:featuredmedia":[{"embeddable":true,"href":"https:\/\/elconspirador.com.mx\/index.php?rest_route=\/wp\/v2\/media\/28391"}],"wp:attachment":[{"href":"https:\/\/elconspirador.com.mx\/index.php?rest_route=%2Fwp%2Fv2%2Fmedia&parent=28390"}],"wp:term":[{"taxonomy":"category","embeddable":true,"href":"https:\/\/elconspirador.com.mx\/index.php?rest_route=%2Fwp%2Fv2%2Fcategories&post=28390"},{"taxonomy":"post_tag","embeddable":true,"href":"https:\/\/elconspirador.com.mx\/index.php?rest_route=%2Fwp%2Fv2%2Ftags&post=28390"}],"curies":[{"name":"wp","href":"https:\/\/api.w.org\/{rel}","templated":true}]}}